{"id":107588,"date":"2023-04-05T14:33:50","date_gmt":"2023-04-05T17:33:50","guid":{"rendered":"https:\/\/tvtecjundiai.com.br\/news\/?p=107588"},"modified":"2023-04-05T14:33:57","modified_gmt":"2023-04-05T17:33:57","slug":"acompanhante-escreve-poema-especial-para-equipe-de-radioterapia-do-hospital-sao-vicente","status":"publish","type":"post","link":"https:\/\/tvtecjundiai.com.br\/news\/2023\/04\/05\/acompanhante-escreve-poema-especial-para-equipe-de-radioterapia-do-hospital-sao-vicente\/","title":{"rendered":"Acompanhante escreve poema especial para equipe de Radioterapia do Hospital S\u00e3o Vicente"},"content":{"rendered":"\n<p>Ap\u00f3s finalizar o tratamento oncol\u00f3gico contra o linfoma n\u00e3o Hodgkin (LNH), tipo de c\u00e2ncer que tem origem nas c\u00e9lulas do sistema linf\u00e1tico e que se espalha de maneira n\u00e3o ordenada, o paciente Josu\u00e9 dos Santos deixou sua hist\u00f3ria registrada nos cora\u00e7\u00f5es dos profissionais da unidade de Radioterapia do Hospital S\u00e3o Vicente. Com rimas e palavras emocionadas, a esposa do paciente, Lucy Arag\u00e3o dos Santos, escreveu um poema exclusivo para a equipe. No texto \u00e9 poss\u00edvel ver a gratid\u00e3o dos usu\u00e1rios com a humaniza\u00e7\u00e3o, respeito e tratamento prestado ao paciente Josu\u00e9.<\/p>\n\n\n\n<p>\u201cTodos os dias recebemos alguma demonstra\u00e7\u00e3o de gratid\u00e3o e isso nos motiva e enche nossos cora\u00e7\u00f5es de amor. Al\u00e9m da recupera\u00e7\u00e3o do paciente, \u00e9 a confirma\u00e7\u00e3o de que nosso trabalho transforma de fato a vida dessas pessoas. Mesmo sendo frequente, os sentimentos s\u00e3o sempre diferentes. N\u00f3s sempre pensamos no tempo que a pessoa desprendeu para desenvolver aquilo, o tempo que ela tirou da rotina dela para preparar algo especial, o carinho que ela teve. Esse poema foi criado especialmente para n\u00f3s, por isso envolveu muita dedica\u00e7\u00e3o\u201d, conta a enfermeira da unidade, Fl\u00e1via Volpiani.<\/p>\n\n\n\n<figure class=\"wp-block-image size-large\"><img loading=\"lazy\" decoding=\"async\" width=\"1200\" height=\"677\" src=\"https:\/\/tvtecjundiai.com.br\/news\/wp-content\/uploads\/sites\/2\/2023\/04\/Equipe-recebe-poema-de-presente-de-esposa-de-paciente-2-1200x677.jpg\" alt=\"\" class=\"wp-image-107589\" srcset=\"https:\/\/tvtecjundiai.com.br\/news\/wp-content\/uploads\/sites\/2\/2023\/04\/Equipe-recebe-poema-de-presente-de-esposa-de-paciente-2-1200x677.jpg 1200w, https:\/\/tvtecjundiai.com.br\/news\/wp-content\/uploads\/sites\/2\/2023\/04\/Equipe-recebe-poema-de-presente-de-esposa-de-paciente-2-300x169.jpg 300w, https:\/\/tvtecjundiai.com.br\/news\/wp-content\/uploads\/sites\/2\/2023\/04\/Equipe-recebe-poema-de-presente-de-esposa-de-paciente-2-768x433.jpg 768w, https:\/\/tvtecjundiai.com.br\/news\/wp-content\/uploads\/sites\/2\/2023\/04\/Equipe-recebe-poema-de-presente-de-esposa-de-paciente-2.jpg 1280w\" sizes=\"auto, (max-width: 1200px) 100vw, 1200px\" \/><\/figure>\n\n\n\n<p><\/p>\n\n\n\n<p>A profissional explica que a atua\u00e7\u00e3o da equipe \u00e9 de suporte integral. \u201cNo final, somos todos uma fam\u00edlia. O tratamento \u00e9 t\u00e3o complexo que em diversas situa\u00e7\u00f5es tamb\u00e9m acolhemos os familiares e acompanhantes. \u00c9 um momento delicado n\u00e3o s\u00f3 para a pessoa em tratamento, mas tamb\u00e9m para todos que est\u00e3o a sua volta. Cuidamos do corpo f\u00edsico, mas tamb\u00e9m da parte emocional em muitos casos. Cada um tem sua particularidade, seus medos, suas realidades de vida, inclusive em casos sem perspectiva de cura. O acolhimento \u00e9 fundamental e nossos esfor\u00e7os s\u00e3o imprescind\u00edveis\u201d, completa.<\/p>\n\n\n\n<figure class=\"wp-block-image size-large\"><img loading=\"lazy\" decoding=\"async\" width=\"1200\" height=\"675\" src=\"https:\/\/tvtecjundiai.com.br\/news\/wp-content\/uploads\/sites\/2\/2023\/04\/Poema-emocionou-os-profissionais-da-unidade-1200x675.jpg\" alt=\"\" class=\"wp-image-107590\" srcset=\"https:\/\/tvtecjundiai.com.br\/news\/wp-content\/uploads\/sites\/2\/2023\/04\/Poema-emocionou-os-profissionais-da-unidade-1200x675.jpg 1200w, https:\/\/tvtecjundiai.com.br\/news\/wp-content\/uploads\/sites\/2\/2023\/04\/Poema-emocionou-os-profissionais-da-unidade-300x169.jpg 300w, https:\/\/tvtecjundiai.com.br\/news\/wp-content\/uploads\/sites\/2\/2023\/04\/Poema-emocionou-os-profissionais-da-unidade-768x432.jpg 768w, https:\/\/tvtecjundiai.com.br\/news\/wp-content\/uploads\/sites\/2\/2023\/04\/Poema-emocionou-os-profissionais-da-unidade.jpg 1280w\" sizes=\"auto, (max-width: 1200px) 100vw, 1200px\" \/><\/figure>\n\n\n\n<p><\/p>\n\n\n\n<p>No poema, Lucy menciona a palavra &#8216;esperan\u00e7a&#8217; diversas vezes e se refere aos profissionais como anjos na terra. \u201cEu gosto muito de escrever e tenho certeza que este \u00e9 um dom que Deus me deu. Me emocionei muito na a\u00e7\u00e3o de finaliza\u00e7\u00e3o do tratamento, quando o paciente toca o sino para simbolizar o encerramento desse per\u00edodo. Aquilo me inspirou e esse foi o caminho que encontrei para homenagear essa equipe que tanto cuidou do meu marido\u201d, compartilha.<\/p>\n\n\n\n<p><strong><em>(Fonte\/Imagens: Assessoria Hospital S\u00e3o Vicente)<\/em><\/strong><\/p>\n","protected":false},"excerpt":{"rendered":"<p>Familiar demonstrou todo seu carinho pelos profissionais atrav\u00e9s de palavras<\/p>\n","protected":false},"author":30,"featured_media":107589,"comment_status":"closed","ping_status":"0","sticky":false,"template":"","format":"standard","meta":{"footnotes":""},"categories":[8356,1,2839,8355],"tags":[],"class_list":["post-107588","post","type-post","status-publish","format-standard","has-post-thumbnail","hentry","category-jundiai","category-noticias","category-saude","category-saude-3"],"_links":{"self":[{"href":"https:\/\/tvtecjundiai.com.br\/news\/wp-json\/wp\/v2\/posts\/107588","targetHints":{"allow":["GET"]}}],"collection":[{"href":"https:\/\/tvtecjundiai.com.br\/news\/wp-json\/wp\/v2\/posts"}],"about":[{"href":"https:\/\/tvtecjundiai.com.br\/news\/wp-json\/wp\/v2\/types\/post"}],"author":[{"embeddable":true,"href":"https:\/\/tvtecjundiai.com.br\/news\/wp-json\/wp\/v2\/users\/30"}],"replies":[{"embeddable":true,"href":"https:\/\/tvtecjundiai.com.br\/news\/wp-json\/wp\/v2\/comments?post=107588"}],"version-history":[{"count":1,"href":"https:\/\/tvtecjundiai.com.br\/news\/wp-json\/wp\/v2\/posts\/107588\/revisions"}],"predecessor-version":[{"id":107591,"href":"https:\/\/tvtecjundiai.com.br\/news\/wp-json\/wp\/v2\/posts\/107588\/revisions\/107591"}],"wp:featuredmedia":[{"embeddable":true,"href":"https:\/\/tvtecjundiai.com.br\/news\/wp-json\/wp\/v2\/media\/107589"}],"wp:attachment":[{"href":"https:\/\/tvtecjundiai.com.br\/news\/wp-json\/wp\/v2\/media?parent=107588"}],"wp:term":[{"taxonomy":"category","embeddable":true,"href":"https:\/\/tvtecjundiai.com.br\/news\/wp-json\/wp\/v2\/categories?post=107588"},{"taxonomy":"post_tag","embeddable":true,"href":"https:\/\/tvtecjundiai.com.br\/news\/wp-json\/wp\/v2\/tags?post=107588"}],"curies":[{"name":"wp","href":"https:\/\/api.w.org\/{rel}","templated":true}]}}