{"id":107636,"date":"2023-04-07T10:34:48","date_gmt":"2023-04-07T13:34:48","guid":{"rendered":"https:\/\/tvtecjundiai.com.br\/news\/?p=107636"},"modified":"2023-04-07T10:36:05","modified_gmt":"2023-04-07T13:36:05","slug":"cultura-abre-inscricoes-para-nucleo-de-apoio-ao-coral-municipal","status":"publish","type":"post","link":"https:\/\/tvtecjundiai.com.br\/news\/2023\/04\/07\/cultura-abre-inscricoes-para-nucleo-de-apoio-ao-coral-municipal\/","title":{"rendered":"Cultura abre inscri\u00e7\u00f5es para n\u00facleo de apoio ao Coral Municipal"},"content":{"rendered":"\n<p>Est\u00e3o abertas at\u00e9 a ter\u00e7a-feira (18) as inscri\u00e7\u00f5es para a composi\u00e7\u00e3o do n\u00facleo semiprofissional\/ profissional de apoio ao Coral Municipal de Jundia\u00ed, corpo art\u00edstico municipal ligado \u00e0 Unidade de Gest\u00e3o de Cultura (UGC).<\/p>\n\n\n\n<p><a href=\"https:\/\/docs.google.com\/forms\/d\/e\/1FAIpQLSc_O7Kf5RiIQDo9LteO6LGVr4bTjZ_sUaKzwQweThVudcQY6A\/viewform\" target=\"_blank\" rel=\"noreferrer noopener\">FA\u00c7A SUA INSCRI\u00c7\u00c3O<\/a><\/p>\n\n\n\n<p>\u201cDos nossos corpos art\u00edsticos, o Coral \u00e9 o \u00fanico composto somente por volunt\u00e1rios. Com esta novidade, forma-se um n\u00facleo de artistas profissionais que poder\u00e3o refor\u00e7ar os naipes que comp\u00f5em o coro, auxiliar a reg\u00eancia durante os ensaios e representar o grupo em apresenta\u00e7\u00f5es mais intimistas\u201d, explica o gestor da UGC, Marcelo Peroni.<\/p>\n\n\n\n<p>No total, est\u00e3o abertas oito vagas para contrata\u00e7\u00e3o de cantores e cantoras semiprofissionais ou profissionais, sendo estas as vagas: duas para Soprano, duas para Mezzo soprano ou Contralto, duas para Tenor e duas para Bar\u00edtono ou Baixo.<\/p>\n\n\n\n<figure class=\"wp-block-image\"><img decoding=\"async\" src=\"https:\/\/jundiai.sp.gov.br\/noticias\/wp-content\/uploads\/sites\/32\/2023\/04\/33-encontro-de-corais-de-jundiai-coral-municipal-de-jundiai_fm_-46-1-1280x853.jpg\" alt=\"\" class=\"wp-image-314700\" \/><figcaption class=\"wp-element-caption\">O Coral \u00e9 um dos corpos art\u00edsticos municipais ligados \u00e0 UGC<\/figcaption><\/figure>\n\n\n\n<p>Os selecionados receber\u00e3o uma bolsa mensal para a participa\u00e7\u00e3o em ensaios; realiza\u00e7\u00e3o de oficinas de t\u00e9cnica vocal, teoria e solfejo musical; e apresenta\u00e7\u00f5es. A carga hor\u00e1ria inclui compromissos \u00e0s ter\u00e7as e quintas-feiras, no per\u00edodo noturno, al\u00e9m da participa\u00e7\u00e3o em apresenta\u00e7\u00f5es aos finais de semana e feriados.<\/p>\n\n\n\n<p>Os interessados dever\u00e3o ser maiores de 18 anos e ser\u00e3o selecionados de forma presencial, em etapas que compreender\u00e3o apresenta\u00e7\u00f5es de \u00e1rias, leitura musical \u00e0 primeira vista e entrevista. A classifica\u00e7\u00e3o dos candidatos ser\u00e1 definida pela soma das notas e ser\u00e3o habilitados os primeiros classificados para cada naipe.<\/p>\n\n\n\n<p>Os detalhes, bem como toda a documenta\u00e7\u00e3o necess\u00e1ria, poder\u00e3o ser obtidos no&nbsp;<a rel=\"noreferrer noopener\" href=\"https:\/\/cultura.jundiai.sp.gov.br\/wp-content\/uploads\/2023\/04\/Concurso-no-04-Coral-imprensa.pdf\" target=\"_blank\">edital de concurso n\u00ba 04\/2023<\/a>, ou pelo telefone (11) 4806-0554, da Funda\u00e7\u00e3o Casa da Cultura e Esportes.<\/p>\n\n\n\n<p><strong><em>(Fonte\/Imagem: Prefeitura de Jundia\u00ed)<\/em><\/strong><\/p>\n","protected":false},"excerpt":{"rendered":"<p>Est\u00e3o abertas at\u00e9 a ter\u00e7a-feira (18) as inscri\u00e7\u00f5es para a composi\u00e7\u00e3o do n\u00facleo semiprofissional\/ profissional de apoio ao Coral Municipal de Jundia\u00ed, corpo art\u00edstico municipal ligado \u00e0 Unidade de Gest\u00e3o de Cultura (UGC)<\/p>\n","protected":false},"author":31,"featured_media":107638,"comment_status":"closed","ping_status":"0","sticky":false,"template":"","format":"standard","meta":{"footnotes":""},"categories":[1],"tags":[],"class_list":["post-107636","post","type-post","status-publish","format-standard","has-post-thumbnail","hentry","category-noticias"],"_links":{"self":[{"href":"https:\/\/tvtecjundiai.com.br\/news\/wp-json\/wp\/v2\/posts\/107636","targetHints":{"allow":["GET"]}}],"collection":[{"href":"https:\/\/tvtecjundiai.com.br\/news\/wp-json\/wp\/v2\/posts"}],"about":[{"href":"https:\/\/tvtecjundiai.com.br\/news\/wp-json\/wp\/v2\/types\/post"}],"author":[{"embeddable":true,"href":"https:\/\/tvtecjundiai.com.br\/news\/wp-json\/wp\/v2\/users\/31"}],"replies":[{"embeddable":true,"href":"https:\/\/tvtecjundiai.com.br\/news\/wp-json\/wp\/v2\/comments?post=107636"}],"version-history":[{"count":2,"href":"https:\/\/tvtecjundiai.com.br\/news\/wp-json\/wp\/v2\/posts\/107636\/revisions"}],"predecessor-version":[{"id":107639,"href":"https:\/\/tvtecjundiai.com.br\/news\/wp-json\/wp\/v2\/posts\/107636\/revisions\/107639"}],"wp:featuredmedia":[{"embeddable":true,"href":"https:\/\/tvtecjundiai.com.br\/news\/wp-json\/wp\/v2\/media\/107638"}],"wp:attachment":[{"href":"https:\/\/tvtecjundiai.com.br\/news\/wp-json\/wp\/v2\/media?parent=107636"}],"wp:term":[{"taxonomy":"category","embeddable":true,"href":"https:\/\/tvtecjundiai.com.br\/news\/wp-json\/wp\/v2\/categories?post=107636"},{"taxonomy":"post_tag","embeddable":true,"href":"https:\/\/tvtecjundiai.com.br\/news\/wp-json\/wp\/v2\/tags?post=107636"}],"curies":[{"name":"wp","href":"https:\/\/api.w.org\/{rel}","templated":true}]}}