{"id":107640,"date":"2023-04-07T11:21:00","date_gmt":"2023-04-07T14:21:00","guid":{"rendered":"https:\/\/tvtecjundiai.com.br\/news\/?p=107640"},"modified":"2023-04-07T11:21:03","modified_gmt":"2023-04-07T14:21:03","slug":"alunos-da-gmj-fazem-treinamento-de-direcao-defensiva","status":"publish","type":"post","link":"https:\/\/tvtecjundiai.com.br\/news\/2023\/04\/07\/alunos-da-gmj-fazem-treinamento-de-direcao-defensiva\/","title":{"rendered":"Alunos da GMJ fazem treinamento de dire\u00e7\u00e3o defensiva"},"content":{"rendered":"\n<p>A Coordenadoria de Instru\u00e7\u00e3o e Forma\u00e7\u00e3o (CIF) da Guarda Municipal de Jundia\u00ed levou seus alunos para aulas de dire\u00e7\u00e3o defensiva na pista do Aeroporto&nbsp;Comandante Rolim Adolfo Amaro. O treinamento foi feito sob o resguardo do Corpo de Bombeiros para os alunos que fazem parte curso de forma\u00e7\u00e3o de guardas.<\/p>\n\n\n\n<p>Completados dois meses do curso de 840 horas\/aula, os 56 alunos guardas v\u00eam demonstrando vontade e certeza que fizeram a escolha certa. \u201cNo in\u00edcio tiveram uma s\u00e9rie de aulas te\u00f3ricas em sala de aula. Daqui at\u00e9 o t\u00e9rmino do curso, eles estar\u00e3o cada vez mais em cen\u00e1rios de treinamentos pr\u00e1ticos, o mais real poss\u00edvel, comenta o respons\u00e1vel pela Coordenadoria de Instru\u00e7\u00e3o e Forma\u00e7\u00e3o da GMJ, inspetor D\u00eanis Berni,<\/p>\n\n\n\n<figure class=\"wp-block-image\"><img decoding=\"async\" src=\"https:\/\/jundiai.sp.gov.br\/noticias\/wp-content\/uploads\/sites\/32\/2023\/04\/aeroporto-2.jpeg\" alt=\"\" class=\"wp-image-314705\" \/><\/figure>\n\n\n\n<p>\u201cTrazemos os alunos para um local amplo cujo cen\u00e1rio \u00e9 bem parecido como vamos encontrar no dia a dia do patrulhamento, com asfalto seco e escorregadio. Tudo isso para levar at\u00e9 os alunos a dificuldade que \u00e9 de dirigir nas mais variadas circunst\u00e2ncias de pista\u201d, disse o GM Odair Matenauer.<\/p>\n\n\n\n<p>Faltando tr\u00eas meses para o t\u00e9rmino do curso, os alunos ainda ter\u00e3o treinamentos t\u00e1ticos, t\u00e9cnicas de abordagem, aulas de tiros e legisla\u00e7\u00e3o.<\/p>\n\n\n\n<p>O chefe da CIF, subinspetor Osvaldo Zuim, destacou o empenho para dar condi\u00e7\u00f5es para o treinamento dos alunos. \u201cTemos sempre a preocupa\u00e7\u00e3o de oferecer as melhores condi\u00e7\u00f5es de treinamento para os alunos, o que \u00e9 uma caracter\u00edstica marcante da CIF. Somos gratos \u00e0 concession\u00e1ria que administra o aeroporto por ceder todo o espa\u00e7o e mobilizar toda a \u00e1rea de pouso e decolagens para esse treinamento. Isso mostra a import\u00e2ncia da Guarda Municipal para toda a sociedade\u201d, concluiu Zuim.<\/p>\n\n\n\n<p>A empresa que controla o aeroporto de Jundia\u00ed, VOA-SP, colocou-se \u00e0 disposi\u00e7\u00e3o para futuras aulas de dire\u00e7\u00e3o.<\/p>\n\n\n\n<p><strong>Treinamento<\/strong><\/p>\n\n\n\n<p>O curso de dire\u00e7\u00e3o t\u00e1tica ou curso de dire\u00e7\u00e3o defensiva na GMJ tem carga hor\u00e1ria de 38 horas\/aula.\u00a0\u00c9 estendido para toda a corpora\u00e7\u00e3o. S\u00e3o treinamentos em pista de modo a trazer a realidade do dia a dia, como posi\u00e7\u00f5es dentro do ve\u00edculo, corre\u00e7\u00e3o de v\u00edcios, com o correto uso da frenagem, desvios de obst\u00e1culos e posicionamento de viaturas em parada de ocorr\u00eancias.<\/p>\n\n\n\n<p><strong><em>(Fonte\/Imagem: Prefeitura de Jundia\u00ed)<\/em><\/strong><\/p>\n","protected":false},"excerpt":{"rendered":"<p>O treinamento foi feito sob o resguardo do Corpo de Bombeiros para os alunos que fazem parte curso de forma\u00e7\u00e3o de guardas<\/p>\n","protected":false},"author":31,"featured_media":107641,"comment_status":"closed","ping_status":"0","sticky":false,"template":"","format":"standard","meta":{"footnotes":""},"categories":[1],"tags":[],"class_list":["post-107640","post","type-post","status-publish","format-standard","has-post-thumbnail","hentry","category-noticias"],"_links":{"self":[{"href":"https:\/\/tvtecjundiai.com.br\/news\/wp-json\/wp\/v2\/posts\/107640","targetHints":{"allow":["GET"]}}],"collection":[{"href":"https:\/\/tvtecjundiai.com.br\/news\/wp-json\/wp\/v2\/posts"}],"about":[{"href":"https:\/\/tvtecjundiai.com.br\/news\/wp-json\/wp\/v2\/types\/post"}],"author":[{"embeddable":true,"href":"https:\/\/tvtecjundiai.com.br\/news\/wp-json\/wp\/v2\/users\/31"}],"replies":[{"embeddable":true,"href":"https:\/\/tvtecjundiai.com.br\/news\/wp-json\/wp\/v2\/comments?post=107640"}],"version-history":[{"count":1,"href":"https:\/\/tvtecjundiai.com.br\/news\/wp-json\/wp\/v2\/posts\/107640\/revisions"}],"predecessor-version":[{"id":107642,"href":"https:\/\/tvtecjundiai.com.br\/news\/wp-json\/wp\/v2\/posts\/107640\/revisions\/107642"}],"wp:featuredmedia":[{"embeddable":true,"href":"https:\/\/tvtecjundiai.com.br\/news\/wp-json\/wp\/v2\/media\/107641"}],"wp:attachment":[{"href":"https:\/\/tvtecjundiai.com.br\/news\/wp-json\/wp\/v2\/media?parent=107640"}],"wp:term":[{"taxonomy":"category","embeddable":true,"href":"https:\/\/tvtecjundiai.com.br\/news\/wp-json\/wp\/v2\/categories?post=107640"},{"taxonomy":"post_tag","embeddable":true,"href":"https:\/\/tvtecjundiai.com.br\/news\/wp-json\/wp\/v2\/tags?post=107640"}],"curies":[{"name":"wp","href":"https:\/\/api.w.org\/{rel}","templated":true}]}}