{"id":107649,"date":"2023-04-09T10:13:25","date_gmt":"2023-04-09T13:13:25","guid":{"rendered":"https:\/\/tvtecjundiai.com.br\/news\/?p=107649"},"modified":"2023-04-10T11:42:35","modified_gmt":"2023-04-10T14:42:35","slug":"enredanca-comeca-dia-14-com-programacao-gratuita","status":"publish","type":"post","link":"https:\/\/tvtecjundiai.com.br\/news\/2023\/04\/09\/enredanca-comeca-dia-14-com-programacao-gratuita\/","title":{"rendered":"Enredan\u00e7a come\u00e7a dia 14 com programa\u00e7\u00e3o gratuita"},"content":{"rendered":"\n<p>Com workshops e apresenta\u00e7\u00f5es das Mostras Paralela e Competitiva,&nbsp;<a href=\"https:\/\/cultura.jundiai.sp.gov.br\/enredanca\/\" target=\"_blank\" rel=\"noreferrer noopener\">o festival Enredan\u00e7a chega este ano \u00e0 sua 25\u00aa edi\u00e7\u00e3o<\/a>, com programa\u00e7\u00e3o gratuita proposta pela Unidade de Gest\u00e3o de Cultura (UGC), entre os dias 14 e 23 de abril.<\/p>\n\n\n\n<p>Com a participa\u00e7\u00e3o de 900 bailarinos, de 20 diferentes munic\u00edpios paulistas, o festival volta a contar com as presen\u00e7as de profissionais renomados no segmento da dan\u00e7a, como a bailarina Ana Botafogo, que participa como jurada e mediadora dos workshops de Ballet Cl\u00e1ssico.<\/p>\n\n\n\n<figure class=\"wp-block-image\"><img decoding=\"async\" src=\"https:\/\/jundiai.sp.gov.br\/noticias\/wp-content\/uploads\/sites\/32\/2023\/04\/mostra-competitiva-enredanca_dia-22-788-2-1280x854.jpg\" alt=\"\" class=\"wp-image-314671\" \/><figcaption class=\"wp-element-caption\">Apresenta\u00e7\u00f5es da Mostra Competitiva ser\u00e3o feitas no Teatro Polytheama<\/figcaption><\/figure>\n\n\n\n<p>A abertura do festival est\u00e1 marcada para esta sexta-feira (14), durante a edi\u00e7\u00e3o de abril da Sexta no Centro, na Pra\u00e7a Marechal Floriano Peixoto (Pra\u00e7a do Coreto). Al\u00e9m da programa\u00e7\u00e3o musical com bandas locais e das barracas de alimenta\u00e7\u00e3o, das 16h \u00e0s 22h, participam tamb\u00e9m escolas e academias locais indicadas pela C\u00e2mara Setorial de Dan\u00e7a do Conselho Municipal de Pol\u00edtica Cultural (CMPC), que apresentar\u00e3o suas performances da vinheta oficial do festival.<\/p>\n\n\n\n<p>Na sequ\u00eancia, a&nbsp;<a href=\"https:\/\/cultura.jundiai.sp.gov.br\/enredanca\/mostra-paralela\/\" target=\"_blank\" rel=\"noreferrer noopener\">Mostra Paralela<\/a>&nbsp;come\u00e7a no s\u00e1bado (15) e vai at\u00e9 22 de abril, com apresenta\u00e7\u00f5es no Maxi Shopping, na Pracinha da Cultura do Vista Alegre (antigo CEU das Artes) e nas Emebs Professor Luiz Biela de Souza (Jardim Santa Gertrudes) e Professora Beatriz Blattner Pupo (Jardim Novo Horizonte).<\/p>\n\n\n\n<p>Tamb\u00e9m no s\u00e1bado (15) come\u00e7a a programa\u00e7\u00e3o da&nbsp;<a href=\"https:\/\/cultura.jundiai.sp.gov.br\/enredanca\/mostra-competitiva\/\" target=\"_blank\" rel=\"noreferrer noopener\">Mostra Competitiva<\/a>, que segue no Teatro Polytheama tamb\u00e9m at\u00e9 o dia 22, com as apresenta\u00e7\u00f5es das categorias: Infantil; Dan\u00e7as de Sal\u00e3o, Esportiva, Urbana, do Ventre e Populares em geral; Jazz; Sapateado; Flamenco; Contempor\u00e2neo; Cl\u00e1ssicos de Repert\u00f3rio e Livre; e Neocl\u00e1ssico. Ainda no Teatro, no domingo (23), \u00e0s 18h, ser\u00e1 realizada a Noite de Gala, com as premia\u00e7\u00f5es do festival.<\/p>\n\n\n\n<p>J\u00e1 a programa\u00e7\u00e3o de&nbsp;<a href=\"https:\/\/cultura.jundiai.sp.gov.br\/enredanca\/workshops-e-masterclasses-gratuitos\/\" target=\"_blank\" rel=\"noreferrer noopener\">workshops gratuitos<\/a>&nbsp;ser\u00e1 nos dias 16, 19, 21 e 22 de abril, sempre na Sala Hermeto Pascoal do Espa\u00e7o Expressa (antigo Complexo Fepasa), nas seguintes propostas e mediadores: Dan\u00e7as Urbanas, com Tati Sanchis; de Jazz, com Jhean Alex; de Contempor\u00e2neo, com Ana Bottosso; e de Ballet Cl\u00e1ssico Intermedi\u00e1rio e Avan\u00e7ado, com Ana Botafogo. Os interessados em participar dos workshops gratuitos dever\u00e3o realizar inscri\u00e7\u00e3o atrav\u00e9s de formul\u00e1rio a ser divulgado em breve.<\/p>\n\n\n\n<figure class=\"wp-block-image\"><img decoding=\"async\" src=\"https:\/\/jundiai.sp.gov.br\/noticias\/wp-content\/uploads\/sites\/32\/2023\/04\/materclass_ana-botafogo-7-1280x854.jpg\" alt=\"\" class=\"wp-image-314659\" \/><figcaption class=\"wp-element-caption\">Ana Botafogo estar\u00e1 de volta ao festival, participando dos workshops e como jurada<\/figcaption><\/figure>\n\n\n\n<p>O 25\u00ba Enredan\u00e7a \u00e9 uma realiza\u00e7\u00e3o da UGC, em parceria com a Unidade de Gest\u00e3o de Educa\u00e7\u00e3o (UGE), e patroc\u00ednio do Maxi Shopping e da Associa\u00e7\u00e3o Comercial (ACE) de Jundia\u00ed.<\/p>\n\n\n\n<p><a rel=\"noreferrer noopener\" href=\"https:\/\/cultura.jundiai.sp.gov.br\/enredanca\/\" target=\"_blank\">Os detalhes da programa\u00e7\u00e3o podem ser consultados no site do festival<\/a>.<\/p>\n\n\n\n<p><strong><em>(Fonte\/Imagem: Prefeitura de Jundia\u00ed)<\/em><\/strong><\/p>\n","protected":false},"excerpt":{"rendered":"<p>Participar\u00e3o 900 bailarinos de 20 munic\u00edpios paulistas<\/p>\n","protected":false},"author":31,"featured_media":107650,"comment_status":"closed","ping_status":"0","sticky":false,"template":"","format":"standard","meta":{"footnotes":""},"categories":[2833,29,8356,1],"tags":[],"class_list":["post-107649","post","type-post","status-publish","format-standard","has-post-thumbnail","hentry","category-cultura","category-destaque","category-jundiai","category-noticias"],"_links":{"self":[{"href":"https:\/\/tvtecjundiai.com.br\/news\/wp-json\/wp\/v2\/posts\/107649","targetHints":{"allow":["GET"]}}],"collection":[{"href":"https:\/\/tvtecjundiai.com.br\/news\/wp-json\/wp\/v2\/posts"}],"about":[{"href":"https:\/\/tvtecjundiai.com.br\/news\/wp-json\/wp\/v2\/types\/post"}],"author":[{"embeddable":true,"href":"https:\/\/tvtecjundiai.com.br\/news\/wp-json\/wp\/v2\/users\/31"}],"replies":[{"embeddable":true,"href":"https:\/\/tvtecjundiai.com.br\/news\/wp-json\/wp\/v2\/comments?post=107649"}],"version-history":[{"count":3,"href":"https:\/\/tvtecjundiai.com.br\/news\/wp-json\/wp\/v2\/posts\/107649\/revisions"}],"predecessor-version":[{"id":107687,"href":"https:\/\/tvtecjundiai.com.br\/news\/wp-json\/wp\/v2\/posts\/107649\/revisions\/107687"}],"wp:featuredmedia":[{"embeddable":true,"href":"https:\/\/tvtecjundiai.com.br\/news\/wp-json\/wp\/v2\/media\/107650"}],"wp:attachment":[{"href":"https:\/\/tvtecjundiai.com.br\/news\/wp-json\/wp\/v2\/media?parent=107649"}],"wp:term":[{"taxonomy":"category","embeddable":true,"href":"https:\/\/tvtecjundiai.com.br\/news\/wp-json\/wp\/v2\/categories?post=107649"},{"taxonomy":"post_tag","embeddable":true,"href":"https:\/\/tvtecjundiai.com.br\/news\/wp-json\/wp\/v2\/tags?post=107649"}],"curies":[{"name":"wp","href":"https:\/\/api.w.org\/{rel}","templated":true}]}}