{"id":107656,"date":"2023-04-10T09:22:14","date_gmt":"2023-04-10T12:22:14","guid":{"rendered":"https:\/\/tvtecjundiai.com.br\/news\/?p=107656"},"modified":"2023-04-10T11:41:28","modified_gmt":"2023-04-10T14:41:28","slug":"semana-sera-de-clima-ameno-e-poucas-pancadas-de-chuva-em-jundiai","status":"publish","type":"post","link":"https:\/\/tvtecjundiai.com.br\/news\/2023\/04\/10\/semana-sera-de-clima-ameno-e-poucas-pancadas-de-chuva-em-jundiai\/","title":{"rendered":"Semana ser\u00e1 de clima ameno e poucas pancadas de chuva em Jundia\u00ed"},"content":{"rendered":"\n<p>A semana ser\u00e1 de tempo ameno em Jundia\u00ed, com previs\u00e3o de poucas pancadas de chuva a partir de quarta-feira (12). Segundo o Climatempo, os term\u00f4metros devem marcar entre 15\u00b0C e 29\u00b0C.<\/p>\n\n\n\n<p>Nesta segunda-feira (10), o dia \u00e9 de sol com algumas nuvens, sem previs\u00e3o de chuva. Os term\u00f4metros ficam entre 16\u00b0C e 26\u00b0C.<\/p>\n\n\n<div class=\"wp-block-image\">\n<figure class=\"aligncenter size-large is-resized\"><img decoding=\"async\" src=\"https:\/\/tvtecjundiai.com.br\/news\/wp-content\/uploads\/sites\/2\/2023\/04\/WhatsApp-Image-2023-04-10-at-09.16.02-edited.jpeg\" alt=\"\" class=\"wp-image-107663\" width=\"675\" srcset=\"https:\/\/tvtecjundiai.com.br\/news\/wp-content\/uploads\/sites\/2\/2023\/04\/WhatsApp-Image-2023-04-10-at-09.16.02-edited.jpeg 1280w, https:\/\/tvtecjundiai.com.br\/news\/wp-content\/uploads\/sites\/2\/2023\/04\/WhatsApp-Image-2023-04-10-at-09.16.02-edited-300x200.jpeg 300w, https:\/\/tvtecjundiai.com.br\/news\/wp-content\/uploads\/sites\/2\/2023\/04\/WhatsApp-Image-2023-04-10-at-09.16.02-edited-1200x800.jpeg 1200w, https:\/\/tvtecjundiai.com.br\/news\/wp-content\/uploads\/sites\/2\/2023\/04\/WhatsApp-Image-2023-04-10-at-09.16.02-edited-768x512.jpeg 768w\" sizes=\"(max-width: 1280px) 100vw, 1280px\" \/><\/figure>\n<\/div>\n\n\n<p><\/p>\n\n\n\n<p><strong>Confira a previs\u00e3o detalhada na cidade, de acordo com o Climatempo<\/strong><\/p>\n\n\n\n<p><strong>Ter\u00e7a-feira (11):<\/strong>&nbsp;Sol com algumas nuvens, sem previs\u00e3o de chuva. Os term\u00f4metros ficam entre 15\u00b0C e 28\u00b0C.<\/p>\n\n\n\n<p><strong>Quarta-feira (12):<\/strong>&nbsp;Sol e aumento de nuvens pela manh\u00e3, com pancadas de chuva \u00e0 tarde e \u00e0 noite que devem somar apenas 5mm. A temperatura fica entre 16\u00b0C e 28\u00b0C.<\/p>\n\n\n\n<p><strong>Quinta-feira (13):<\/strong>&nbsp;Sol e aumento de nuvens pela manh\u00e3, com pancadas de chuva \u00e0 tarde que devem somar apenas 5mm. \u00c0 noite, o tempo fica aberto. A temperatura fica entre 17\u00b0C e 29\u00b0C.<\/p>\n\n\n\n<p><strong>Sexta-feira (14):<\/strong>&nbsp;Sol com algumas nuvens e pancadas de chuva \u00e0 tarde e \u00e0 noite, que devem somar 9mm. Os term\u00f4metros ficam entre 19\u00b0C e 27\u00b0C.<\/p>\n\n\n\n<p><strong><em>(Fonte: TVTEC Jundia\u00ed\/Imagem: Juliano Justino)<\/em><\/strong><\/p>\n","protected":false},"excerpt":{"rendered":"<p>Segundo o Climatempo, os term\u00f4metros devem marcar entre 15\u00b0C e 29\u00b0C<\/p>\n","protected":false},"author":30,"featured_media":107663,"comment_status":"closed","ping_status":"0","sticky":false,"template":"","format":"standard","meta":{"footnotes":""},"categories":[3185,29,8356,1],"tags":[],"class_list":["post-107656","post","type-post","status-publish","format-standard","has-post-thumbnail","hentry","category-clima","category-destaque","category-jundiai","category-noticias"],"_links":{"self":[{"href":"https:\/\/tvtecjundiai.com.br\/news\/wp-json\/wp\/v2\/posts\/107656","targetHints":{"allow":["GET"]}}],"collection":[{"href":"https:\/\/tvtecjundiai.com.br\/news\/wp-json\/wp\/v2\/posts"}],"about":[{"href":"https:\/\/tvtecjundiai.com.br\/news\/wp-json\/wp\/v2\/types\/post"}],"author":[{"embeddable":true,"href":"https:\/\/tvtecjundiai.com.br\/news\/wp-json\/wp\/v2\/users\/30"}],"replies":[{"embeddable":true,"href":"https:\/\/tvtecjundiai.com.br\/news\/wp-json\/wp\/v2\/comments?post=107656"}],"version-history":[{"count":2,"href":"https:\/\/tvtecjundiai.com.br\/news\/wp-json\/wp\/v2\/posts\/107656\/revisions"}],"predecessor-version":[{"id":107685,"href":"https:\/\/tvtecjundiai.com.br\/news\/wp-json\/wp\/v2\/posts\/107656\/revisions\/107685"}],"wp:featuredmedia":[{"embeddable":true,"href":"https:\/\/tvtecjundiai.com.br\/news\/wp-json\/wp\/v2\/media\/107663"}],"wp:attachment":[{"href":"https:\/\/tvtecjundiai.com.br\/news\/wp-json\/wp\/v2\/media?parent=107656"}],"wp:term":[{"taxonomy":"category","embeddable":true,"href":"https:\/\/tvtecjundiai.com.br\/news\/wp-json\/wp\/v2\/categories?post=107656"},{"taxonomy":"post_tag","embeddable":true,"href":"https:\/\/tvtecjundiai.com.br\/news\/wp-json\/wp\/v2\/tags?post=107656"}],"curies":[{"name":"wp","href":"https:\/\/api.w.org\/{rel}","templated":true}]}}