{"id":107671,"date":"2023-04-10T09:49:27","date_gmt":"2023-04-10T12:49:27","guid":{"rendered":"https:\/\/tvtecjundiai.com.br\/news\/?p=107671"},"modified":"2023-04-10T09:49:28","modified_gmt":"2023-04-10T12:49:28","slug":"equipe-de-ortopedia-do-hospital-sao-vicente-tem-pesquisa-publicada-em-artigo-internacional","status":"publish","type":"post","link":"https:\/\/tvtecjundiai.com.br\/news\/2023\/04\/10\/equipe-de-ortopedia-do-hospital-sao-vicente-tem-pesquisa-publicada-em-artigo-internacional\/","title":{"rendered":"Equipe de Ortopedia do Hospital S\u00e3o Vicente tem pesquisa publicada em artigo internacional"},"content":{"rendered":"\n<p>O reconhecimento dos servi\u00e7os prestados pelo Hospital S\u00e3o Vicente segue sendo motivo de orgulho para os profissionais que levam o nome da institui\u00e7\u00e3o para outras cidades, estados e pa\u00edses. Provando a relev\u00e2ncia dos profissionais e do atendimento no centro de sa\u00fade, a equipe m\u00e9dica da especialidade de ortopedia teve seu estudo publicado pela revista brit\u00e2nica BMJ Open. O trabalho de pesquisa foi poss\u00edvel gra\u00e7as ao apoio econ\u00f4mico do &#8220;Programa Jovens Pesquisadores&#8221; da Funda\u00e7\u00e3o de Amparo \u00e0 Pesquisa do Estado de S\u00e3o Paulo (FAPESP), bolsa concedida a Martha Castano-Betancourt, pesquisadora visitante da Faculdade de Medicina de Jundia\u00ed (FMJ).<\/p>\n\n\n\n<p>Os especialistas Ricardo Fruschein Annichino, Marcelo de Azevedo e Souza Munhoz, Eduardo Gomes Machado e Martha Cecilia Castano-Betancourt promoveram, em parceria com o Instituto Jundiaiense de Ortopedia e Traumatologia (IJOT), mestrandos e residentes da FMJ, um estudo para determinar o papel central no aparecimento e gravidade da dor articular e na previs\u00e3o de doen\u00e7a cardiovascular em indiv\u00edduos afetados com osteoartrose. \u201cO trabalho come\u00e7ou no Departamento de Ortopedia do Hospital no segundo semestre de 2017. Foram coletadas informa\u00e7\u00f5es de prontu\u00e1rios e entrevistas de 900 pacientes com osteoartrite que consultaram o departamento durante dois anos e meio. Os trabalhos pararam em 2020 devido \u00e0 pandemia e foram reiniciados no segundo semestre de 2021, onde foram iniciadas as an\u00e1lises estat\u00edsticas e enviados os artigos para publica\u00e7\u00e3o\u201d, conta Eduardo Machado, ortopedista e traumatologista.<\/p>\n\n\n<div class=\"wp-block-image\">\n<figure class=\"aligncenter size-large\"><img loading=\"lazy\" decoding=\"async\" width=\"1200\" height=\"675\" src=\"https:\/\/tvtecjundiai.com.br\/news\/wp-content\/uploads\/sites\/2\/2023\/04\/Dr.-Marcelo-Munhoz-Dra.-Martha-C.-Castano-Betancourt-e-Dr.-Eduardo-Mach-1200x675.jpg\" alt=\"\" class=\"wp-image-107672\" srcset=\"https:\/\/tvtecjundiai.com.br\/news\/wp-content\/uploads\/sites\/2\/2023\/04\/Dr.-Marcelo-Munhoz-Dra.-Martha-C.-Castano-Betancourt-e-Dr.-Eduardo-Mach-1200x675.jpg 1200w, https:\/\/tvtecjundiai.com.br\/news\/wp-content\/uploads\/sites\/2\/2023\/04\/Dr.-Marcelo-Munhoz-Dra.-Martha-C.-Castano-Betancourt-e-Dr.-Eduardo-Mach-300x169.jpg 300w, https:\/\/tvtecjundiai.com.br\/news\/wp-content\/uploads\/sites\/2\/2023\/04\/Dr.-Marcelo-Munhoz-Dra.-Martha-C.-Castano-Betancourt-e-Dr.-Eduardo-Mach-768x432.jpg 768w, https:\/\/tvtecjundiai.com.br\/news\/wp-content\/uploads\/sites\/2\/2023\/04\/Dr.-Marcelo-Munhoz-Dra.-Martha-C.-Castano-Betancourt-e-Dr.-Eduardo-Mach.jpg 1280w\" sizes=\"auto, (max-width: 1200px) 100vw, 1200px\" \/><\/figure>\n<\/div>\n\n\n<p><\/p>\n\n\n\n<p><strong>Entendendo a doen\u00e7a<\/strong><\/p>\n\n\n\n<p>A osteoartrose, ou simplesmente artrose, \u00e9 uma doen\u00e7a articular cr\u00f4nica que afeta as articula\u00e7\u00f5es danificando a cartilagem que reveste a superf\u00edcie delas, resultando na fal\u00eancia de v\u00e1rios processos de repara\u00e7\u00e3o ou de les\u00f5es sofridas pela articula\u00e7\u00e3o. A cartilagem \u00e9 um tecido firme e lubrificado que permite o movimento suave, sem fric\u00e7\u00e3o das articula\u00e7\u00f5es. Na osteoartrose, a cartilagem torna-se irregular, aumentando a fric\u00e7\u00e3o, o que pode evoluir at\u00e9 que os ossos se movimentem em contato direto. Clinicamente h\u00e1 dor articular, rigidez e limita\u00e7\u00e3o da fun\u00e7\u00e3o.<\/p>\n\n\n\n<p>\u201cA popula\u00e7\u00e3o em risco \u00e9 constitu\u00edda, principalmente, por pessoas idosas, em particular do sexo feminino, com obesidade, com les\u00f5es articulares ou ligamentares previas devido \u00e0 profiss\u00e3o ou por trauma. No momento, a osteoartrite n\u00e3o tem cura. Geralmente, os pacientes chegam ao nosso servi\u00e7o procurando a possibilidade de cirurgia atrav\u00e9s de uma substitui\u00e7\u00e3o articular. As medidas apenas parcialmente bem-sucedidas dependem da preven\u00e7\u00e3o e tratamento correto de les\u00f5es traum\u00e1ticas das articula\u00e7\u00f5es e obesidade\u201d, explica Machado.<\/p>\n\n\n\n<p><strong>Pesquisa<\/strong><\/p>\n\n\n\n<p>\u201cAt\u00e9 hoje, publicamos quatro artigos internacionais. Em cada um deles identificamos fatores de risco que podem acelerar o aparecimento da doen\u00e7a ou piorar os sintomas em pacientes com osteoartrite. Esses fatores podem ser controlados ou prevenidos para diminuir a dor dos pacientes ou retardar a progress\u00e3o da doen\u00e7a. Pacientes com osteoartrite apresentam diversas comorbidades e fatores de risco que podem piorar os sintomas e acelerar o in\u00edcio da doen\u00e7a. Al\u00e9m da obesidade cl\u00e1ssica, medida com peso e altura corporal, a obesidade central, que \u00e9 medida com a circunfer\u00eancia da cintura, tem um papel mais importante no aparecimento e gravidade da dor nas articula\u00e7\u00f5es. O diabetes tamb\u00e9m \u00e9 uma comorbidade importante para pacientes com osteoartrite\u201d, completa o ortopedista.&nbsp;<\/p>\n\n\n\n<p><strong>Resultados<\/strong><\/p>\n\n\n\n<p>Por meio dos resultados \u00e9 poss\u00edvel concentrar a equipe na detec\u00e7\u00e3o dos fatores de risco que pode piorar a osteoartrite ou aumentar as complica\u00e7\u00f5es ap\u00f3s a cirurgia dos pacientes. Alguns desses fatores podem ser controlados, diminuindo a dor dos pacientes e diminuindo o risco, principalmente de infec\u00e7\u00f5es ap\u00f3s a cirurgia.<\/p>\n\n\n\n<p>\u201cO trabalho em equipe \u00e9 fundamental para conseguir publicar nossas pesquisas em peri\u00f3dicos internacionais. Nossa equipe e residentes auxiliam na identifica\u00e7\u00e3o dos pacientes e no convite para participar do estudo. Ajudamos no diagn\u00f3stico da doen\u00e7a articular e outros fatores de risco. Nossa epidemiologista Martha, com uma equipe de mestrandos, realizou as entrevistas e fez a an\u00e1lise estat\u00edstica. Nosso esfor\u00e7o reflete a import\u00e2ncia do trabalho conjunto entre a Ortopedia do Hospital S\u00e3o Vicente e a Faculdade de Medicina de Jundia\u00ed\u201d, finaliza Machado.<\/p>\n\n\n\n<p>Acesse e confira a publica\u00e7\u00e3o:\u00a0<a rel=\"noreferrer noopener\" href=\"https:\/\/bmjopen.bmj.com\/content\/12\/12\/e066453.full\" target=\"_blank\">https:\/\/bmjopen.bmj.com\/content\/12\/12\/e066453.full<\/a><\/p>\n\n\n\n<p><em><strong>(Fonte\/Imagem: Assessoria Hospital S\u00e3o Vicente)<\/strong><\/em><\/p>\n","protected":false},"excerpt":{"rendered":"<p>Especialistas coletaram informa\u00e7\u00f5es de prontu\u00e1rios e entrevistas de 900 pacientes com osteoartrite<\/p>\n","protected":false},"author":30,"featured_media":107672,"comment_status":"closed","ping_status":"0","sticky":false,"template":"","format":"standard","meta":{"footnotes":""},"categories":[8356,1,2839],"tags":[],"class_list":["post-107671","post","type-post","status-publish","format-standard","has-post-thumbnail","hentry","category-jundiai","category-noticias","category-saude"],"_links":{"self":[{"href":"https:\/\/tvtecjundiai.com.br\/news\/wp-json\/wp\/v2\/posts\/107671","targetHints":{"allow":["GET"]}}],"collection":[{"href":"https:\/\/tvtecjundiai.com.br\/news\/wp-json\/wp\/v2\/posts"}],"about":[{"href":"https:\/\/tvtecjundiai.com.br\/news\/wp-json\/wp\/v2\/types\/post"}],"author":[{"embeddable":true,"href":"https:\/\/tvtecjundiai.com.br\/news\/wp-json\/wp\/v2\/users\/30"}],"replies":[{"embeddable":true,"href":"https:\/\/tvtecjundiai.com.br\/news\/wp-json\/wp\/v2\/comments?post=107671"}],"version-history":[{"count":1,"href":"https:\/\/tvtecjundiai.com.br\/news\/wp-json\/wp\/v2\/posts\/107671\/revisions"}],"predecessor-version":[{"id":107673,"href":"https:\/\/tvtecjundiai.com.br\/news\/wp-json\/wp\/v2\/posts\/107671\/revisions\/107673"}],"wp:featuredmedia":[{"embeddable":true,"href":"https:\/\/tvtecjundiai.com.br\/news\/wp-json\/wp\/v2\/media\/107672"}],"wp:attachment":[{"href":"https:\/\/tvtecjundiai.com.br\/news\/wp-json\/wp\/v2\/media?parent=107671"}],"wp:term":[{"taxonomy":"category","embeddable":true,"href":"https:\/\/tvtecjundiai.com.br\/news\/wp-json\/wp\/v2\/categories?post=107671"},{"taxonomy":"post_tag","embeddable":true,"href":"https:\/\/tvtecjundiai.com.br\/news\/wp-json\/wp\/v2\/tags?post=107671"}],"curies":[{"name":"wp","href":"https:\/\/api.w.org\/{rel}","templated":true}]}}