{"id":107679,"date":"2023-04-10T11:21:42","date_gmt":"2023-04-10T14:21:42","guid":{"rendered":"https:\/\/tvtecjundiai.com.br\/news\/?p=107679"},"modified":"2023-04-10T11:41:02","modified_gmt":"2023-04-10T14:41:02","slug":"saldao-solidario-latraviata-em-prol-do-grendacc-vai-ate-sabado-15","status":"publish","type":"post","link":"https:\/\/tvtecjundiai.com.br\/news\/2023\/04\/10\/saldao-solidario-latraviata-em-prol-do-grendacc-vai-ate-sabado-15\/","title":{"rendered":"Sald\u00e3o Solid\u00e1rio Latraviata em prol do Grendacc vai at\u00e9 s\u00e1bado (15)"},"content":{"rendered":"\n<p>Entre os dias 10 e 15 de abril, o Espa\u00e7o Bazar de Marcas do Grendacc recebe o Sald\u00e3o Solid\u00e1rio Latraviata, com cal\u00e7ados femininos, masculinos e infantis a partir de R$ 30. S\u00e3o mais de 6 mil pares \u00e0 venda e uma novidade: agora \u00e9 poss\u00edvel parcelar no cart\u00e3o de cr\u00e9dito. <\/p>\n\n\n\n<p>O Sald\u00e3o Solid\u00e1rio vai funcionar de segunda a s\u00e1bado, das 9h \u00e0s 18h. O Espa\u00e7o Bazar de Marcas fica na rua Ol\u00edvio Boa, equina com a avenida Dr. Manoel Ildefonso Archer de Castilho, no Parque da Represa. <\/p>\n\n\n\n<p>A loja vai destinar 12% do total arrecadado para o Hospital da Crian\u00e7a do Grendacc, que \u00e9 refer\u00eancia no tratamento oncol\u00f3gico e hematol\u00f3gico em Jundia\u00ed e regi\u00e3o.<\/p>\n\n\n<div class=\"wp-block-image\">\n<figure class=\"aligncenter size-full\"><img loading=\"lazy\" decoding=\"async\" width=\"668\" height=\"372\" src=\"https:\/\/tvtecjundiai.com.br\/news\/wp-content\/uploads\/sites\/2\/2023\/04\/latraviata-saldao-divulgacao.jpg\" alt=\"\" class=\"wp-image-107680\" srcset=\"https:\/\/tvtecjundiai.com.br\/news\/wp-content\/uploads\/sites\/2\/2023\/04\/latraviata-saldao-divulgacao.jpg 668w, https:\/\/tvtecjundiai.com.br\/news\/wp-content\/uploads\/sites\/2\/2023\/04\/latraviata-saldao-divulgacao-300x167.jpg 300w\" sizes=\"auto, (max-width: 668px) 100vw, 668px\" \/><\/figure>\n<\/div>\n\n\n<p><\/p>\n\n\n\n<p>De acordo Andr\u00e9 Luiz Monroe, propriet\u00e1rio da Latraviata, a loja marca presen\u00e7a nos bazares do Grendacc h\u00e1 mais de 10 anos. \u201cJ\u00e1 temos clientes que esperam por esse momento para aproveitar as promo\u00e7\u00f5es, que realmente valem muito a pena. Agora com a possibilidade do parcelamento, acredito que as vendas ir\u00e3o alavancar ainda mais e assim conseguiremos destinar um repasse maior para o hospital\u201d, disse.<\/p>\n\n\n\n<p><em><strong>(Fonte: Grendacc Jundia\u00ed\/Imagem: Divulga\u00e7\u00e3o)<\/strong><\/em><\/p>\n","protected":false},"excerpt":{"rendered":"<p>Visitantes encontrar\u00e3o cal\u00e7ados femininos, masculinos e infantis a partir de R$ 30<\/p>\n","protected":false},"author":30,"featured_media":107680,"comment_status":"closed","ping_status":"0","sticky":false,"template":"","format":"standard","meta":{"footnotes":""},"categories":[29,8356,1],"tags":[],"class_list":["post-107679","post","type-post","status-publish","format-standard","has-post-thumbnail","hentry","category-destaque","category-jundiai","category-noticias"],"_links":{"self":[{"href":"https:\/\/tvtecjundiai.com.br\/news\/wp-json\/wp\/v2\/posts\/107679","targetHints":{"allow":["GET"]}}],"collection":[{"href":"https:\/\/tvtecjundiai.com.br\/news\/wp-json\/wp\/v2\/posts"}],"about":[{"href":"https:\/\/tvtecjundiai.com.br\/news\/wp-json\/wp\/v2\/types\/post"}],"author":[{"embeddable":true,"href":"https:\/\/tvtecjundiai.com.br\/news\/wp-json\/wp\/v2\/users\/30"}],"replies":[{"embeddable":true,"href":"https:\/\/tvtecjundiai.com.br\/news\/wp-json\/wp\/v2\/comments?post=107679"}],"version-history":[{"count":1,"href":"https:\/\/tvtecjundiai.com.br\/news\/wp-json\/wp\/v2\/posts\/107679\/revisions"}],"predecessor-version":[{"id":107681,"href":"https:\/\/tvtecjundiai.com.br\/news\/wp-json\/wp\/v2\/posts\/107679\/revisions\/107681"}],"wp:featuredmedia":[{"embeddable":true,"href":"https:\/\/tvtecjundiai.com.br\/news\/wp-json\/wp\/v2\/media\/107680"}],"wp:attachment":[{"href":"https:\/\/tvtecjundiai.com.br\/news\/wp-json\/wp\/v2\/media?parent=107679"}],"wp:term":[{"taxonomy":"category","embeddable":true,"href":"https:\/\/tvtecjundiai.com.br\/news\/wp-json\/wp\/v2\/categories?post=107679"},{"taxonomy":"post_tag","embeddable":true,"href":"https:\/\/tvtecjundiai.com.br\/news\/wp-json\/wp\/v2\/tags?post=107679"}],"curies":[{"name":"wp","href":"https:\/\/api.w.org\/{rel}","templated":true}]}}