{"id":107688,"date":"2023-04-10T13:30:56","date_gmt":"2023-04-10T16:30:56","guid":{"rendered":"https:\/\/tvtecjundiai.com.br\/news\/?p=107688"},"modified":"2023-04-10T13:30:57","modified_gmt":"2023-04-10T16:30:57","slug":"hospital-sao-vicente-cancela-bazar-de-abril-por-falta-de-doacoes","status":"publish","type":"post","link":"https:\/\/tvtecjundiai.com.br\/news\/2023\/04\/10\/hospital-sao-vicente-cancela-bazar-de-abril-por-falta-de-doacoes\/","title":{"rendered":"Hospital S\u00e3o Vicente cancela bazar de abril por falta de doa\u00e7\u00f5es"},"content":{"rendered":"\n<p>O Bazar do Voluntariado do Hospital S\u00e3o Vicente, que acontece todo m\u00eas, n\u00e3o ser\u00e1 realizado em abril por falta de doa\u00e7\u00f5es. A partir da decis\u00e3o, o foco agora \u00e9 na pr\u00f3xima edi\u00e7\u00e3o do bazar, que ser\u00e1 realizada em maio. A campanha de arrecada\u00e7\u00e3o continua e as doa\u00e7\u00f5es podem ser entregues \u00e0s quartas, das 14h \u00e0s 16h, na rua Dr. Leonardo Cavalcanti, 350, Centro.<\/p>\n\n\n\n<p>S\u00e3o aceitas doa\u00e7\u00f5es de produtos novos e seminovos em boas condi\u00e7\u00f5es de uso, como brinquedos, roupas femininas, masculinas e infantis, acess\u00f3rios, pe\u00e7as de decora\u00e7\u00e3o, utens\u00edlios dom\u00e9sticos, cal\u00e7ados, eletrodom\u00e9sticos e muito mais.<\/p>\n\n\n\n<p>Toda a verba arrecadada \u00e9 revertida em melhorias na institui\u00e7\u00e3o de sa\u00fade.<\/p>\n\n\n<div class=\"wp-block-image\">\n<figure class=\"aligncenter size-large is-resized\"><img loading=\"lazy\" decoding=\"async\" src=\"https:\/\/tvtecjundiai.com.br\/news\/wp-content\/uploads\/sites\/2\/2023\/04\/Com-precos-acessiveis-o-evento-sempre-e-um-sucesso-1200x900.jpg\" alt=\"\" class=\"wp-image-107689\" width=\"694\" height=\"521\" srcset=\"https:\/\/tvtecjundiai.com.br\/news\/wp-content\/uploads\/sites\/2\/2023\/04\/Com-precos-acessiveis-o-evento-sempre-e-um-sucesso-1200x900.jpg 1200w, https:\/\/tvtecjundiai.com.br\/news\/wp-content\/uploads\/sites\/2\/2023\/04\/Com-precos-acessiveis-o-evento-sempre-e-um-sucesso-300x225.jpg 300w, https:\/\/tvtecjundiai.com.br\/news\/wp-content\/uploads\/sites\/2\/2023\/04\/Com-precos-acessiveis-o-evento-sempre-e-um-sucesso-768x576.jpg 768w, https:\/\/tvtecjundiai.com.br\/news\/wp-content\/uploads\/sites\/2\/2023\/04\/Com-precos-acessiveis-o-evento-sempre-e-um-sucesso.jpg 1280w\" sizes=\"auto, (max-width: 694px) 100vw, 694px\" \/><\/figure>\n<\/div>\n\n\n<p><\/p>\n\n\n\n<p><strong><em>(Fonte\/Imagem: Assessoria Hospital S\u00e3o Vicente)<\/em><\/strong><\/p>\n","protected":false},"excerpt":{"rendered":"<p>O foco agora \u00e9 na pr\u00f3xima edi\u00e7\u00e3o do bazar, que ser\u00e1 realizada em maio<\/p>\n","protected":false},"author":30,"featured_media":107689,"comment_status":"closed","ping_status":"0","sticky":false,"template":"","format":"standard","meta":{"footnotes":""},"categories":[8356,1],"tags":[],"class_list":["post-107688","post","type-post","status-publish","format-standard","has-post-thumbnail","hentry","category-jundiai","category-noticias"],"_links":{"self":[{"href":"https:\/\/tvtecjundiai.com.br\/news\/wp-json\/wp\/v2\/posts\/107688","targetHints":{"allow":["GET"]}}],"collection":[{"href":"https:\/\/tvtecjundiai.com.br\/news\/wp-json\/wp\/v2\/posts"}],"about":[{"href":"https:\/\/tvtecjundiai.com.br\/news\/wp-json\/wp\/v2\/types\/post"}],"author":[{"embeddable":true,"href":"https:\/\/tvtecjundiai.com.br\/news\/wp-json\/wp\/v2\/users\/30"}],"replies":[{"embeddable":true,"href":"https:\/\/tvtecjundiai.com.br\/news\/wp-json\/wp\/v2\/comments?post=107688"}],"version-history":[{"count":1,"href":"https:\/\/tvtecjundiai.com.br\/news\/wp-json\/wp\/v2\/posts\/107688\/revisions"}],"predecessor-version":[{"id":107690,"href":"https:\/\/tvtecjundiai.com.br\/news\/wp-json\/wp\/v2\/posts\/107688\/revisions\/107690"}],"wp:featuredmedia":[{"embeddable":true,"href":"https:\/\/tvtecjundiai.com.br\/news\/wp-json\/wp\/v2\/media\/107689"}],"wp:attachment":[{"href":"https:\/\/tvtecjundiai.com.br\/news\/wp-json\/wp\/v2\/media?parent=107688"}],"wp:term":[{"taxonomy":"category","embeddable":true,"href":"https:\/\/tvtecjundiai.com.br\/news\/wp-json\/wp\/v2\/categories?post=107688"},{"taxonomy":"post_tag","embeddable":true,"href":"https:\/\/tvtecjundiai.com.br\/news\/wp-json\/wp\/v2\/tags?post=107688"}],"curies":[{"name":"wp","href":"https:\/\/api.w.org\/{rel}","templated":true}]}}