{"id":107694,"date":"2023-04-10T14:18:00","date_gmt":"2023-04-10T17:18:00","guid":{"rendered":"https:\/\/tvtecjundiai.com.br\/news\/?p=107694"},"modified":"2023-04-10T14:18:01","modified_gmt":"2023-04-10T17:18:01","slug":"fundo-social-busca-modelos-para-treinamento-de-alunas-do-curso-de-depilacao","status":"publish","type":"post","link":"https:\/\/tvtecjundiai.com.br\/news\/2023\/04\/10\/fundo-social-busca-modelos-para-treinamento-de-alunas-do-curso-de-depilacao\/","title":{"rendered":"Fundo Social busca modelos para treinamento de alunas do curso de depila\u00e7\u00e3o"},"content":{"rendered":"\n<p>O Fundo Social de Solidariedade de Jundia\u00ed (Funss) disponibilizar\u00e1 vagas para pessoas interessadas em atuar como modelos de pernas para o curso de Depila\u00e7\u00e3o. A iniciativa faz parte do calend\u00e1rio de aulas pr\u00e1ticas da capacita\u00e7\u00e3o gratuita e servir\u00e1 como treinamento \u00e0s alunas j\u00e1 matriculadas. Para participar \u00e9 necess\u00e1rio entrar em contato com o Fundo Social pelo telefone fixo para agendar e reservar. Os atendimentos ser\u00e3o realizados nesta quarta (12) e quinta-feira (13), sempre das 13h \u00e0s 17h. A cada data, ser\u00e3o disponibilizadas somente 10 vagas.<\/p>\n\n\n\n<p>O endere\u00e7o do Fundo Social \u00e9 o Parque da Uva. O acesso \u00e9 pela avenida Dona Manoela Lacerda de Vergueiro, s\/n, port\u00e3o 03, bairro Anhangaba\u00fa. O funcionamento da unidade \u00e9 de segunda a sexta-feira, das 8h \u00e0s 17h, exceto feriados. Informa\u00e7\u00f5es pelos telefones (11) 4589-6319 e 4589-6320.<\/p>\n\n\n<div class=\"wp-block-image\">\n<figure class=\"aligncenter size-large is-resized\"><img loading=\"lazy\" decoding=\"async\" src=\"https:\/\/tvtecjundiai.com.br\/news\/wp-content\/uploads\/sites\/2\/2023\/04\/divulgacao-depilacao-1200x799.jpg\" alt=\"\" class=\"wp-image-107695\" width=\"722\" height=\"480\" srcset=\"https:\/\/tvtecjundiai.com.br\/news\/wp-content\/uploads\/sites\/2\/2023\/04\/divulgacao-depilacao-1200x799.jpg 1200w, https:\/\/tvtecjundiai.com.br\/news\/wp-content\/uploads\/sites\/2\/2023\/04\/divulgacao-depilacao-300x200.jpg 300w, https:\/\/tvtecjundiai.com.br\/news\/wp-content\/uploads\/sites\/2\/2023\/04\/divulgacao-depilacao-768x511.jpg 768w, https:\/\/tvtecjundiai.com.br\/news\/wp-content\/uploads\/sites\/2\/2023\/04\/divulgacao-depilacao.jpg 1280w\" sizes=\"auto, (max-width: 722px) 100vw, 722px\" \/><\/figure>\n<\/div>\n\n\n<p><strong><em>(Fonte\/Imagem: Prefeitura de Jundia\u00ed)<\/em><\/strong><\/p>\n","protected":false},"excerpt":{"rendered":"<p>Para participar \u00e9 necess\u00e1rio entrar em contato com o Fundo Social pelo telefone fixo<\/p>\n","protected":false},"author":30,"featured_media":107695,"comment_status":"closed","ping_status":"0","sticky":false,"template":"","format":"standard","meta":{"footnotes":""},"categories":[8356,1],"tags":[],"class_list":["post-107694","post","type-post","status-publish","format-standard","has-post-thumbnail","hentry","category-jundiai","category-noticias"],"_links":{"self":[{"href":"https:\/\/tvtecjundiai.com.br\/news\/wp-json\/wp\/v2\/posts\/107694","targetHints":{"allow":["GET"]}}],"collection":[{"href":"https:\/\/tvtecjundiai.com.br\/news\/wp-json\/wp\/v2\/posts"}],"about":[{"href":"https:\/\/tvtecjundiai.com.br\/news\/wp-json\/wp\/v2\/types\/post"}],"author":[{"embeddable":true,"href":"https:\/\/tvtecjundiai.com.br\/news\/wp-json\/wp\/v2\/users\/30"}],"replies":[{"embeddable":true,"href":"https:\/\/tvtecjundiai.com.br\/news\/wp-json\/wp\/v2\/comments?post=107694"}],"version-history":[{"count":1,"href":"https:\/\/tvtecjundiai.com.br\/news\/wp-json\/wp\/v2\/posts\/107694\/revisions"}],"predecessor-version":[{"id":107696,"href":"https:\/\/tvtecjundiai.com.br\/news\/wp-json\/wp\/v2\/posts\/107694\/revisions\/107696"}],"wp:featuredmedia":[{"embeddable":true,"href":"https:\/\/tvtecjundiai.com.br\/news\/wp-json\/wp\/v2\/media\/107695"}],"wp:attachment":[{"href":"https:\/\/tvtecjundiai.com.br\/news\/wp-json\/wp\/v2\/media?parent=107694"}],"wp:term":[{"taxonomy":"category","embeddable":true,"href":"https:\/\/tvtecjundiai.com.br\/news\/wp-json\/wp\/v2\/categories?post=107694"},{"taxonomy":"post_tag","embeddable":true,"href":"https:\/\/tvtecjundiai.com.br\/news\/wp-json\/wp\/v2\/tags?post=107694"}],"curies":[{"name":"wp","href":"https:\/\/api.w.org\/{rel}","templated":true}]}}