{"id":107701,"date":"2023-04-10T16:42:43","date_gmt":"2023-04-10T19:42:43","guid":{"rendered":"https:\/\/tvtecjundiai.com.br\/news\/?p=107701"},"modified":"2023-04-10T16:42:44","modified_gmt":"2023-04-10T19:42:44","slug":"conselho-tutelar-discute-trabalho-com-criancas-e-adolescentes","status":"publish","type":"post","link":"https:\/\/tvtecjundiai.com.br\/news\/2023\/04\/10\/conselho-tutelar-discute-trabalho-com-criancas-e-adolescentes\/","title":{"rendered":"Conselho Tutelar discute trabalho com crian\u00e7as e adolescentes"},"content":{"rendered":"\n<p>O Conselho Tutelar, em parceria com o Conselho Municipal dos Direitos da Crian\u00e7a e do Adolescente (CMDCA) e a Prefeitura de Jundia\u00ed, promover\u00e1 um evento com o consultor, escritor e palestrante, Luciano Betiate. O encontro \u00e9 aberto ao p\u00fablico. Ser\u00e3o realizadas palestras e rodas de discuss\u00e3o sobre o trabalho com crian\u00e7as e adolescentes.<\/p>\n\n\n\n<p>As palestras ser\u00e3o realizadas nos dias 12 e 13 de abril (quarta e quinta-feira), entre 8h e 17h, no audit\u00f3rio na Universidade Paulista (UNIP). A institui\u00e7\u00e3o fica na Avenida Armando Giassetti, 577, na Vila Hortol\u00e2ndia.<\/p>\n\n\n\n<p>O evento \u00e9 gratuito e as inscri\u00e7\u00f5es podem ser feitas&nbsp;<a rel=\"noreferrer noopener\" href=\"https:\/\/www.even3.com.br\/trabalhando-em-rede-pela-infancia-e-adolescencia-325657\" target=\"_blank\">aqui<\/a>.<\/p>\n\n\n\n<p>Na programa\u00e7\u00e3o constam os temas como trabalho em rede pela inf\u00e2ncia e atendimento em crimes relacionados com a inf\u00e2ncia.<\/p>\n\n\n<div class=\"wp-block-image\">\n<figure class=\"aligncenter size-large is-resized\"><img loading=\"lazy\" decoding=\"async\" src=\"https:\/\/tvtecjundiai.com.br\/news\/wp-content\/uploads\/sites\/2\/2023\/04\/mundo_das_criancas_desemparedamento_revista-668-1200x801.jpg\" alt=\"\" class=\"wp-image-107702\" width=\"724\" height=\"483\" srcset=\"https:\/\/tvtecjundiai.com.br\/news\/wp-content\/uploads\/sites\/2\/2023\/04\/mundo_das_criancas_desemparedamento_revista-668-1200x801.jpg 1200w, https:\/\/tvtecjundiai.com.br\/news\/wp-content\/uploads\/sites\/2\/2023\/04\/mundo_das_criancas_desemparedamento_revista-668-300x200.jpg 300w, https:\/\/tvtecjundiai.com.br\/news\/wp-content\/uploads\/sites\/2\/2023\/04\/mundo_das_criancas_desemparedamento_revista-668-768x512.jpg 768w, https:\/\/tvtecjundiai.com.br\/news\/wp-content\/uploads\/sites\/2\/2023\/04\/mundo_das_criancas_desemparedamento_revista-668.jpg 1280w\" sizes=\"auto, (max-width: 724px) 100vw, 724px\" \/><\/figure>\n<\/div>\n\n\n<p><strong><em>(Fonte\/Imagem: Prefeitura de Jundia\u00ed)<\/em><\/strong><\/p>\n","protected":false},"excerpt":{"rendered":"<p>Ser\u00e3o realizadas palestras e rodas de discuss\u00e3o sobre o trabalho com crian\u00e7as e adolescentes<\/p>\n","protected":false},"author":30,"featured_media":107702,"comment_status":"closed","ping_status":"0","sticky":false,"template":"","format":"standard","meta":{"footnotes":""},"categories":[8356,1],"tags":[],"class_list":["post-107701","post","type-post","status-publish","format-standard","has-post-thumbnail","hentry","category-jundiai","category-noticias"],"_links":{"self":[{"href":"https:\/\/tvtecjundiai.com.br\/news\/wp-json\/wp\/v2\/posts\/107701","targetHints":{"allow":["GET"]}}],"collection":[{"href":"https:\/\/tvtecjundiai.com.br\/news\/wp-json\/wp\/v2\/posts"}],"about":[{"href":"https:\/\/tvtecjundiai.com.br\/news\/wp-json\/wp\/v2\/types\/post"}],"author":[{"embeddable":true,"href":"https:\/\/tvtecjundiai.com.br\/news\/wp-json\/wp\/v2\/users\/30"}],"replies":[{"embeddable":true,"href":"https:\/\/tvtecjundiai.com.br\/news\/wp-json\/wp\/v2\/comments?post=107701"}],"version-history":[{"count":1,"href":"https:\/\/tvtecjundiai.com.br\/news\/wp-json\/wp\/v2\/posts\/107701\/revisions"}],"predecessor-version":[{"id":107703,"href":"https:\/\/tvtecjundiai.com.br\/news\/wp-json\/wp\/v2\/posts\/107701\/revisions\/107703"}],"wp:featuredmedia":[{"embeddable":true,"href":"https:\/\/tvtecjundiai.com.br\/news\/wp-json\/wp\/v2\/media\/107702"}],"wp:attachment":[{"href":"https:\/\/tvtecjundiai.com.br\/news\/wp-json\/wp\/v2\/media?parent=107701"}],"wp:term":[{"taxonomy":"category","embeddable":true,"href":"https:\/\/tvtecjundiai.com.br\/news\/wp-json\/wp\/v2\/categories?post=107701"},{"taxonomy":"post_tag","embeddable":true,"href":"https:\/\/tvtecjundiai.com.br\/news\/wp-json\/wp\/v2\/tags?post=107701"}],"curies":[{"name":"wp","href":"https:\/\/api.w.org\/{rel}","templated":true}]}}