{"id":107713,"date":"2023-04-11T09:27:20","date_gmt":"2023-04-11T12:27:20","guid":{"rendered":"https:\/\/tvtecjundiai.com.br\/news\/?p=107713"},"modified":"2023-04-11T09:31:09","modified_gmt":"2023-04-11T12:31:09","slug":"abril-e-o-mes-da-prevencao-ao-cancer-bucal","status":"publish","type":"post","link":"https:\/\/tvtecjundiai.com.br\/news\/2023\/04\/11\/abril-e-o-mes-da-prevencao-ao-cancer-bucal\/","title":{"rendered":"Abril \u00e9 o m\u00eas da preven\u00e7\u00e3o ao c\u00e2ncer bucal"},"content":{"rendered":"\n<p>Com a\u00e7\u00f5es realizadas em todas as Unidades B\u00e1sicas de Sa\u00fade (UBSs) e atividades descentralizadas, a Unidade de Gest\u00e3o de Promo\u00e7\u00e3o da Sa\u00fade (UGPS), da Prefeitura de Jundia\u00ed, busca identificar casos de c\u00e2ncer bucal para o tratamento. O m\u00eas de abril, que tamb\u00e9m \u00e9 marcado como o m\u00eas da sa\u00fade, \u00e9 dedicado \u00e0 preven\u00e7\u00e3o \u00e0 doen\u00e7a, que no ano passado registrou oito novos casos na cidade.<\/p>\n\n\n\n<p>Uma mancha, um caro\u00e7o ou uma ferida na boca que n\u00e3o cicatriza podem ser sinais de c\u00e2ncer bucal. A avalia\u00e7\u00e3o inicial, feita por dentistas, \u00e9 essencial para a identifica\u00e7\u00e3o precoce dos casos e sucesso no tratamento. De acordo com a assessora especial para Sa\u00fade Bucal, da UGPS, Ver\u00f4nica de Oliveira, para facilitar o acesso da popula\u00e7\u00e3o, as atividades neste m\u00eas s\u00e3o realizadas em mais espa\u00e7os, al\u00e9m dos servi\u00e7os de Sa\u00fade. \u201cAo longo do m\u00eas de abril teremos a\u00e7\u00f5es feitas pelas equipes das UBSs em v\u00e1rios bairros, trabalhando de maneira territorial. Al\u00e9m do atendimento na unidade, os grupos de atividades e tamb\u00e9m no Espa\u00e7o Jundia\u00ed Empreendedora, aos s\u00e1bados, junto com a vacina\u00e7\u00e3o, ser\u00e3o feitas avalia\u00e7\u00f5es\u201d, explica.<\/p>\n\n\n<div class=\"wp-block-image\">\n<figure class=\"aligncenter size-full\"><img loading=\"lazy\" decoding=\"async\" width=\"1188\" height=\"792\" src=\"https:\/\/tvtecjundiai.com.br\/news\/wp-content\/uploads\/sites\/2\/2023\/04\/prevencao-cancer-bucal-ubs-anhangabau_c_-14.jpg\" alt=\"\" class=\"wp-image-107714\" srcset=\"https:\/\/tvtecjundiai.com.br\/news\/wp-content\/uploads\/sites\/2\/2023\/04\/prevencao-cancer-bucal-ubs-anhangabau_c_-14.jpg 1188w, https:\/\/tvtecjundiai.com.br\/news\/wp-content\/uploads\/sites\/2\/2023\/04\/prevencao-cancer-bucal-ubs-anhangabau_c_-14-300x200.jpg 300w, https:\/\/tvtecjundiai.com.br\/news\/wp-content\/uploads\/sites\/2\/2023\/04\/prevencao-cancer-bucal-ubs-anhangabau_c_-14-768x512.jpg 768w\" sizes=\"auto, (max-width: 1188px) 100vw, 1188px\" \/><figcaption class=\"wp-element-caption\">A\u00e7\u00f5es para a verifica\u00e7\u00e3o contra o c\u00e2ncer bucal ser\u00e3o realizadas em UBSs e em a\u00e7\u00f5es descentralizadas<\/figcaption><\/figure>\n<\/div>\n\n\n<p><\/p>\n\n\n\n<p>De acordo com dados da UGPS, Jundia\u00ed identificou oito casos de c\u00e2ncer bucal no ano passado durante as a\u00e7\u00f5es de preven\u00e7\u00e3o. Ao todo, 1,2 mil pessoas foram encaminhadas em 2022 para o atendimento e avalia\u00e7\u00e3o detalhado pelo sistema de Sa\u00fade da cidade.<\/p>\n\n\n\n<p>Os principais sinais que devem ser observados s\u00e3o:<\/p>\n\n\n\n<ul class=\"wp-block-list\">\n<li>les\u00f5es na cavidade oral ou nos l\u00e1bios que n\u00e3o cicatrizam por mais de 15 dias;<\/li>\n\n\n\n<li>manchas\/placas vermelhas ou esbranqui\u00e7adas na l\u00edngua, gengivas, palato (c\u00e9u da boca), mucosa jugal (bochecha);<\/li>\n\n\n\n<li>n\u00f3dulos (caro\u00e7os) no pesco\u00e7o;<\/li>\n\n\n\n<li>rouquid\u00e3o persistente;<\/li>\n<\/ul>\n\n\n\n<p>\u00c9 uma doen\u00e7a que pode ser prevenida de forma simples, desde que seja dada \u00eanfase \u00e0 promo\u00e7\u00e3o \u00e0 sa\u00fade, ao aumento do acesso aos servi\u00e7os de sa\u00fade e ao diagn\u00f3stico precoce. Absten\u00e7\u00e3o de fumo e bebidas alco\u00f3licas, dieta rica em alimentos saud\u00e1veis, boa higiene oral, e outras atitudes como estas, diminuem as chances de desenvolver a maioria das doen\u00e7as malignas, inclusive os tumores na boca, que s\u00e3o os mais comuns tipos de c\u00e2ncer de cabe\u00e7a e pesco\u00e7o no Brasil.&nbsp;A Organiza\u00e7\u00e3o Mundial da Sa\u00fade (OMS) estima que a preven\u00e7\u00e3o pode ajudar a reduzir a incid\u00eancia de c\u00e2ncer em at\u00e9 25% at\u00e9 2025.<\/p>\n\n\n\n<p><strong><em>(Fonte\/Imagem: Prefeitura de Jundia\u00ed)<\/em><\/strong><\/p>\n","protected":false},"excerpt":{"rendered":"<p>A\u00e7\u00f5es para a verifica\u00e7\u00e3o contra o c\u00e2ncer bucal ser\u00e3o realizadas em UBSs e em a\u00e7\u00f5es descentralizadas<\/p>\n","protected":false},"author":30,"featured_media":107714,"comment_status":"closed","ping_status":"0","sticky":false,"template":"","format":"standard","meta":{"footnotes":""},"categories":[8356,1,2839,8355],"tags":[],"class_list":["post-107713","post","type-post","status-publish","format-standard","has-post-thumbnail","hentry","category-jundiai","category-noticias","category-saude","category-saude-3"],"_links":{"self":[{"href":"https:\/\/tvtecjundiai.com.br\/news\/wp-json\/wp\/v2\/posts\/107713","targetHints":{"allow":["GET"]}}],"collection":[{"href":"https:\/\/tvtecjundiai.com.br\/news\/wp-json\/wp\/v2\/posts"}],"about":[{"href":"https:\/\/tvtecjundiai.com.br\/news\/wp-json\/wp\/v2\/types\/post"}],"author":[{"embeddable":true,"href":"https:\/\/tvtecjundiai.com.br\/news\/wp-json\/wp\/v2\/users\/30"}],"replies":[{"embeddable":true,"href":"https:\/\/tvtecjundiai.com.br\/news\/wp-json\/wp\/v2\/comments?post=107713"}],"version-history":[{"count":3,"href":"https:\/\/tvtecjundiai.com.br\/news\/wp-json\/wp\/v2\/posts\/107713\/revisions"}],"predecessor-version":[{"id":107718,"href":"https:\/\/tvtecjundiai.com.br\/news\/wp-json\/wp\/v2\/posts\/107713\/revisions\/107718"}],"wp:featuredmedia":[{"embeddable":true,"href":"https:\/\/tvtecjundiai.com.br\/news\/wp-json\/wp\/v2\/media\/107714"}],"wp:attachment":[{"href":"https:\/\/tvtecjundiai.com.br\/news\/wp-json\/wp\/v2\/media?parent=107713"}],"wp:term":[{"taxonomy":"category","embeddable":true,"href":"https:\/\/tvtecjundiai.com.br\/news\/wp-json\/wp\/v2\/categories?post=107713"},{"taxonomy":"post_tag","embeddable":true,"href":"https:\/\/tvtecjundiai.com.br\/news\/wp-json\/wp\/v2\/tags?post=107713"}],"curies":[{"name":"wp","href":"https:\/\/api.w.org\/{rel}","templated":true}]}}