{"id":107746,"date":"2023-04-11T17:48:01","date_gmt":"2023-04-11T20:48:01","guid":{"rendered":"https:\/\/tvtecjundiai.com.br\/news\/?p=107746"},"modified":"2023-04-11T17:48:02","modified_gmt":"2023-04-11T20:48:02","slug":"fundo-social-esta-com-novas-vagas-para-modelos-de-unhas","status":"publish","type":"post","link":"https:\/\/tvtecjundiai.com.br\/news\/2023\/04\/11\/fundo-social-esta-com-novas-vagas-para-modelos-de-unhas\/","title":{"rendered":"Fundo Social est\u00e1 com novas vagas para modelos de unhas"},"content":{"rendered":"\n<p>Com o intuito de enriquecer o conhecimento pr\u00e1tico das alunas do curso gratuito de Manicure e Pedicure, o Fundo Social de Solidariedade de Jundia\u00ed (Funss) disponibilizar\u00e1 mais vagas para pessoas interessadas em atuar como modelos de unhas. Para participar \u00e9 necess\u00e1rio entrar em contato com o Fundo Social pelo telefone fixo para agendar e reservar.<\/p>\n\n\n\n<p>Os atendimentos ser\u00e3o oferecidos de gra\u00e7a para os participantes, sempre das 18h \u00e0s 22h, nas seguintes datas: 11\/04, 12\/04, 17\/04, 18\/04, 19\/04, 24\/04, 25\/04 e 26\/04. Para cada dia mencionado, ser\u00e3o disponibilizadas somente 10 vagas.<\/p>\n\n\n<div class=\"wp-block-image\">\n<figure class=\"aligncenter size-large is-resized\"><img loading=\"lazy\" decoding=\"async\" src=\"https:\/\/tvtecjundiai.com.br\/news\/wp-content\/uploads\/sites\/2\/2023\/04\/funss_manicure_aula-1200x801.jpg\" alt=\"\" class=\"wp-image-107747\" width=\"684\" height=\"456\" srcset=\"https:\/\/tvtecjundiai.com.br\/news\/wp-content\/uploads\/sites\/2\/2023\/04\/funss_manicure_aula-1200x801.jpg 1200w, https:\/\/tvtecjundiai.com.br\/news\/wp-content\/uploads\/sites\/2\/2023\/04\/funss_manicure_aula-300x200.jpg 300w, https:\/\/tvtecjundiai.com.br\/news\/wp-content\/uploads\/sites\/2\/2023\/04\/funss_manicure_aula-768x512.jpg 768w, https:\/\/tvtecjundiai.com.br\/news\/wp-content\/uploads\/sites\/2\/2023\/04\/funss_manicure_aula.jpg 1280w\" sizes=\"auto, (max-width: 684px) 100vw, 684px\" \/><\/figure>\n<\/div>\n\n\n<p>O endere\u00e7o do Fundo Social \u00e9 o Parque da Uva. O acesso \u00e9 pela avenida Dona Manoela Lacerda de Vergueiro, s\/n, port\u00e3o 03, bairro Anhangaba\u00fa. O funcionamento da unidade \u00e9 de segunda a sexta-feira, das 8h \u00e0s 17h, exceto feriados. Informa\u00e7\u00f5es pelos telefones (11) 4589-6319 e 4589-6320.<\/p>\n\n\n\n<p><strong><em>(Fonte\/Imagem: Prefeitura de Jundia\u00ed)<\/em><\/strong><\/p>\n","protected":false},"excerpt":{"rendered":"<p>Para participar \u00e9 necess\u00e1rio entrar em contato com o Fundo Social pelo telefone fixo<\/p>\n","protected":false},"author":30,"featured_media":107747,"comment_status":"closed","ping_status":"0","sticky":false,"template":"","format":"standard","meta":{"footnotes":""},"categories":[2832,8356,1],"tags":[],"class_list":["post-107746","post","type-post","status-publish","format-standard","has-post-thumbnail","hentry","category-cursos","category-jundiai","category-noticias"],"_links":{"self":[{"href":"https:\/\/tvtecjundiai.com.br\/news\/wp-json\/wp\/v2\/posts\/107746","targetHints":{"allow":["GET"]}}],"collection":[{"href":"https:\/\/tvtecjundiai.com.br\/news\/wp-json\/wp\/v2\/posts"}],"about":[{"href":"https:\/\/tvtecjundiai.com.br\/news\/wp-json\/wp\/v2\/types\/post"}],"author":[{"embeddable":true,"href":"https:\/\/tvtecjundiai.com.br\/news\/wp-json\/wp\/v2\/users\/30"}],"replies":[{"embeddable":true,"href":"https:\/\/tvtecjundiai.com.br\/news\/wp-json\/wp\/v2\/comments?post=107746"}],"version-history":[{"count":1,"href":"https:\/\/tvtecjundiai.com.br\/news\/wp-json\/wp\/v2\/posts\/107746\/revisions"}],"predecessor-version":[{"id":107748,"href":"https:\/\/tvtecjundiai.com.br\/news\/wp-json\/wp\/v2\/posts\/107746\/revisions\/107748"}],"wp:featuredmedia":[{"embeddable":true,"href":"https:\/\/tvtecjundiai.com.br\/news\/wp-json\/wp\/v2\/media\/107747"}],"wp:attachment":[{"href":"https:\/\/tvtecjundiai.com.br\/news\/wp-json\/wp\/v2\/media?parent=107746"}],"wp:term":[{"taxonomy":"category","embeddable":true,"href":"https:\/\/tvtecjundiai.com.br\/news\/wp-json\/wp\/v2\/categories?post=107746"},{"taxonomy":"post_tag","embeddable":true,"href":"https:\/\/tvtecjundiai.com.br\/news\/wp-json\/wp\/v2\/tags?post=107746"}],"curies":[{"name":"wp","href":"https:\/\/api.w.org\/{rel}","templated":true}]}}