{"id":107761,"date":"2023-04-12T10:20:38","date_gmt":"2023-04-12T13:20:38","guid":{"rendered":"https:\/\/tvtecjundiai.com.br\/news\/?p=107761"},"modified":"2023-04-12T10:20:44","modified_gmt":"2023-04-12T13:20:44","slug":"inscricoes-para-novos-conselheiros-tutelares-estao-abertas","status":"publish","type":"post","link":"https:\/\/tvtecjundiai.com.br\/news\/2023\/04\/12\/inscricoes-para-novos-conselheiros-tutelares-estao-abertas\/","title":{"rendered":"Inscri\u00e7\u00f5es para novos conselheiros tutelares est\u00e3o abertas"},"content":{"rendered":"\n<p>A Unidade de Assist\u00eancia e Desenvolvimento Social (UGADS), por meio do Conselho Municipal dos Direitos da Crian\u00e7a e do Adolescente (CMDCA), est\u00e1 com inscri\u00e7\u00f5es abertas para a elei\u00e7\u00e3o dos novos conselheiros tutelares. Pela primeira vez, o pleito ser\u00e1 aberto a todos os moradores com inscri\u00e7\u00e3o eleitoral em Jundia\u00ed.<\/p>\n\n\n\n<p>As inscri\u00e7\u00f5es devem ser realizadas at\u00e9 o dia 28 de abril, de segunda a sexta-feira, das 9h \u00e0s 16h, mediante a entrega de todos os documentos presentes no\u00a0<a rel=\"noreferrer noopener\" href=\"https:\/\/cmdca.jundiai.sp.gov.br\/2023\/03\/processo-de-escolha-dos-membros-do-conselho-tutelar-de-jundiai-gestao-2024-2028\/\" target=\"_blank\">edital<\/a>, que dever\u00e1 ser realizada na sede da Unidade Gest\u00e3o de Assist\u00eancia e Desenvolvimento Social, na avenida Ant\u00f4nio Segre, 81, Bairro Ponte de Campinas.<\/p>\n\n\n\n<figure class=\"wp-block-image size-large\"><img loading=\"lazy\" decoding=\"async\" width=\"1200\" height=\"800\" src=\"https:\/\/tvtecjundiai.com.br\/news\/wp-content\/uploads\/sites\/2\/2023\/04\/prova-escrita-conselheiros-tutelares_c_-3-1-1200x800.jpg\" alt=\"\" class=\"wp-image-107763\" srcset=\"https:\/\/tvtecjundiai.com.br\/news\/wp-content\/uploads\/sites\/2\/2023\/04\/prova-escrita-conselheiros-tutelares_c_-3-1-1200x800.jpg 1200w, https:\/\/tvtecjundiai.com.br\/news\/wp-content\/uploads\/sites\/2\/2023\/04\/prova-escrita-conselheiros-tutelares_c_-3-1-300x200.jpg 300w, https:\/\/tvtecjundiai.com.br\/news\/wp-content\/uploads\/sites\/2\/2023\/04\/prova-escrita-conselheiros-tutelares_c_-3-1-768x512.jpg 768w, https:\/\/tvtecjundiai.com.br\/news\/wp-content\/uploads\/sites\/2\/2023\/04\/prova-escrita-conselheiros-tutelares_c_-3-1.jpg 1240w\" sizes=\"auto, (max-width: 1200px) 100vw, 1200px\" \/><\/figure>\n\n\n\n<p><\/p>\n\n\n\n<p>Tomar\u00e3o posse 15 membros titulares e 15 suplentes para compor os tr\u00eas Conselhos Tutelares do munic\u00edpio. A elei\u00e7\u00e3o ser\u00e1 realizada no dia 1\u00ba de outubro de 2023, em local ainda a ser definido. Os candidatos passar\u00e3o por prova eliminat\u00f3ria, al\u00e9m de avalia\u00e7\u00e3o psicol\u00f3gica.<\/p>\n\n\n\n<p>Conforme previsto no edital, podem se candidatar aos Conselhos Tutelares, pessoas residentes em Jundia\u00ed h\u00e1 pelo menos dois anos, que tenham n\u00edvel superior, 21 anos de idade ou mais, e que sejam de reconhecida idoneidade moral. Os conselheiros atuar\u00e3o no quadri\u00eanio 2024\/2028, entre 10\/01\/2024 e 09\/01\/2028. O conselheiro tutelar tem direito \u00e0 remunera\u00e7\u00e3o mensal no valor equivalente a refer\u00eancia \u201cA\u201d do n\u00edvel I do Grupo Especializado da tabela de sal\u00e1rios constante do Plano de Cargos, Sal\u00e1rios e Vencimentos dos Servidores Municipais.<\/p>\n\n\n\n<p>Poder\u00e3o votar todas as pessoas maiores de 16 anos que tenham realizado inscri\u00e7\u00e3o eleitoral no munic\u00edpio de Jundia\u00ed at\u00e9 o dia 1\u00ba de julho de 2023. Para votar, o cidad\u00e3o dever\u00e1 apresentar-se ao local de vota\u00e7\u00e3o munido de carteira de identidade ou documento oficial, com foto.<\/p>\n\n\n\n<p>\u201cO Conselho Tutelar \u00e9 um \u00f3rg\u00e3o permanente e aut\u00f4nomo, encarregado pela sociedade de zelar pelo cumprimento dos direitos da crian\u00e7a e do adolescente, definidos em lei. Por isso a import\u00e2ncia de termos membros atuantes, principalmente para o zelo das nossas crian\u00e7as\u201d, afirma a gestora de Assist\u00eancia e Desenvolvimento Social, Maria Brant.<\/p>\n\n\n\n<p><strong><em>(Fonte\/Imagem: Prefeitura de Jundia\u00ed)<\/em><\/strong><\/p>\n","protected":false},"excerpt":{"rendered":"<p>O pleito \u00e9 aberto a todos os moradores com inscri\u00e7\u00e3o eleitoral em Jundia\u00ed<\/p>\n","protected":false},"author":30,"featured_media":107763,"comment_status":"closed","ping_status":"0","sticky":false,"template":"","format":"standard","meta":{"footnotes":""},"categories":[8392,8356,1],"tags":[],"class_list":["post-107761","post","type-post","status-publish","format-standard","has-post-thumbnail","hentry","category-assistencia-social","category-jundiai","category-noticias"],"_links":{"self":[{"href":"https:\/\/tvtecjundiai.com.br\/news\/wp-json\/wp\/v2\/posts\/107761","targetHints":{"allow":["GET"]}}],"collection":[{"href":"https:\/\/tvtecjundiai.com.br\/news\/wp-json\/wp\/v2\/posts"}],"about":[{"href":"https:\/\/tvtecjundiai.com.br\/news\/wp-json\/wp\/v2\/types\/post"}],"author":[{"embeddable":true,"href":"https:\/\/tvtecjundiai.com.br\/news\/wp-json\/wp\/v2\/users\/30"}],"replies":[{"embeddable":true,"href":"https:\/\/tvtecjundiai.com.br\/news\/wp-json\/wp\/v2\/comments?post=107761"}],"version-history":[{"count":2,"href":"https:\/\/tvtecjundiai.com.br\/news\/wp-json\/wp\/v2\/posts\/107761\/revisions"}],"predecessor-version":[{"id":107764,"href":"https:\/\/tvtecjundiai.com.br\/news\/wp-json\/wp\/v2\/posts\/107761\/revisions\/107764"}],"wp:featuredmedia":[{"embeddable":true,"href":"https:\/\/tvtecjundiai.com.br\/news\/wp-json\/wp\/v2\/media\/107763"}],"wp:attachment":[{"href":"https:\/\/tvtecjundiai.com.br\/news\/wp-json\/wp\/v2\/media?parent=107761"}],"wp:term":[{"taxonomy":"category","embeddable":true,"href":"https:\/\/tvtecjundiai.com.br\/news\/wp-json\/wp\/v2\/categories?post=107761"},{"taxonomy":"post_tag","embeddable":true,"href":"https:\/\/tvtecjundiai.com.br\/news\/wp-json\/wp\/v2\/tags?post=107761"}],"curies":[{"name":"wp","href":"https:\/\/api.w.org\/{rel}","templated":true}]}}