{"id":107765,"date":"2023-04-12T11:14:31","date_gmt":"2023-04-12T14:14:31","guid":{"rendered":"https:\/\/tvtecjundiai.com.br\/news\/?p=107765"},"modified":"2023-04-12T11:14:45","modified_gmt":"2023-04-12T14:14:45","slug":"regiao-metropolitana-de-jundiai-debate-estrategia-conjunta-em-seguranca","status":"publish","type":"post","link":"https:\/\/tvtecjundiai.com.br\/news\/2023\/04\/12\/regiao-metropolitana-de-jundiai-debate-estrategia-conjunta-em-seguranca\/","title":{"rendered":"Regi\u00e3o Metropolitana de Jundia\u00ed debate estrat\u00e9gia conjunta em seguran\u00e7a"},"content":{"rendered":"\n<p>Nesta ter\u00e7a-feira (11), gestores municipais da Regi\u00e3o Metropolitana de Jundia\u00ed (RMJ) se reuniram na Sala de Situa\u00e7\u00e3o do Pa\u00e7o Municipal para debater estrat\u00e9gias conjuntas de fortalecimento da seguran\u00e7a, al\u00e9m de compartilhar as boas pr\u00e1ticas e ferramentas tecnol\u00f3gicas que auxiliam no dia a dia das gest\u00f5es municipais. A pedido do Prefeito Luiz Fernando Machado, a reuni\u00e3o foi liderada pelos gestores Gustavo Maryssael (Casa Civil) e Carla Basson (Seguran\u00e7a Municipal).<\/p>\n\n\n\n<p>O encontro foi pautado em tr\u00eas temas: muralha virtual, seguran\u00e7a nas escolas e prote\u00e7\u00e3o de pais e alunos, al\u00e9m do sistema de monitoramento utilizado por cada um dos munic\u00edpios. \u201cEste primeiro encontro foi importante para entendermos as demandas de cada uma das cidades que comp\u00f5em a RMJ para que, juntos, possamos ampliar o alcance de nossas a\u00e7\u00f5es e atuar na busca de recursos com o Governo Estadual e Federal, al\u00e9m de tra\u00e7ar estrat\u00e9gias conjuntas que possam beneficiar a popula\u00e7\u00e3o\u201d, afirmou Gustavo Maryssael.<\/p>\n\n\n\n<figure class=\"wp-block-image size-large\"><img loading=\"lazy\" decoding=\"async\" width=\"1200\" height=\"801\" src=\"https:\/\/tvtecjundiai.com.br\/news\/wp-content\/uploads\/sites\/2\/2023\/04\/reuniao_seguranca_rmj_pa-58-3-1280x854-1-1200x801.jpg\" alt=\"\" class=\"wp-image-107766\" srcset=\"https:\/\/tvtecjundiai.com.br\/news\/wp-content\/uploads\/sites\/2\/2023\/04\/reuniao_seguranca_rmj_pa-58-3-1280x854-1-1200x801.jpg 1200w, https:\/\/tvtecjundiai.com.br\/news\/wp-content\/uploads\/sites\/2\/2023\/04\/reuniao_seguranca_rmj_pa-58-3-1280x854-1-300x200.jpg 300w, https:\/\/tvtecjundiai.com.br\/news\/wp-content\/uploads\/sites\/2\/2023\/04\/reuniao_seguranca_rmj_pa-58-3-1280x854-1-768x512.jpg 768w, https:\/\/tvtecjundiai.com.br\/news\/wp-content\/uploads\/sites\/2\/2023\/04\/reuniao_seguranca_rmj_pa-58-3-1280x854-1.jpg 1280w\" sizes=\"auto, (max-width: 1200px) 100vw, 1200px\" \/><\/figure>\n\n\n\n<p><\/p>\n\n\n\n<p>\u201cA uni\u00e3o dos esfor\u00e7os garante uma Regi\u00e3o mais fortalecida e, consequentemente, reduz a a\u00e7\u00e3o criminal. Somado aos mais de R$ 60 milh\u00f5es de investimentos realizados em Jundia\u00ed, a popula\u00e7\u00e3o ter\u00e1 um munic\u00edpio cada vez mais seguro\u201d, explica Carla Basson.<\/p>\n\n\n\n<p>Por Jundia\u00ed, tamb\u00e9m participaram da reuni\u00e3o o Assessor para Assuntos de Seguran\u00e7a P\u00fablica, Paulo S\u00e9rgio Giacomelli Stel, o Assessor da Regi\u00e3o Metropolitana de Jundia\u00ed, Carmelo Paoletti, e o Assessor Jos\u00e9 Carlos Fernandes.<\/p>\n\n\n\n<p>Representando Cabre\u00fava estiveram o Secret\u00e1rio de Seguran\u00e7a e Defesa Social, Tiago Henrique Magri, a Secret\u00e1ria Adjunta de Seguran\u00e7a e Defesa Social, Luciana Barusso de Lima e o Inspetor da Guarda Municipal, Mauro Ferreira. Por Campo Limpo Paulista vieram o Prefeito em exerc\u00edcio, Paulo Roberto F\u00e1varo, e o Secret\u00e1rio de Seguran\u00e7a Integrada, Ronaldo Cazelli. O Comandante da Guarda Civil, Jos\u00e9 M\u00e1rio Pereira da Silva, e o Subinspetor Alexandre Rodrigues representaram a cidade de Itupeva. Por Louveira veio o Diretor da GM, Paulo Vicente Soares. V\u00e1rzea Paulista foi representada pelo Gestor de Seguran\u00e7a P\u00fablica, Leandro Basson. Itatiba mandou o Secret\u00e1rio de Seguran\u00e7a e Defesa do Cidad\u00e3o, Lu\u00eds Antonio Henrique Pereira.<\/p>\n\n\n\n<figure class=\"wp-block-image size-large\"><img loading=\"lazy\" decoding=\"async\" width=\"1200\" height=\"801\" src=\"https:\/\/tvtecjundiai.com.br\/news\/wp-content\/uploads\/sites\/2\/2023\/04\/reuniao_seguranca_rmj_pa-68-3-1280x854-1-1200x801.jpg\" alt=\"\" class=\"wp-image-107767\" srcset=\"https:\/\/tvtecjundiai.com.br\/news\/wp-content\/uploads\/sites\/2\/2023\/04\/reuniao_seguranca_rmj_pa-68-3-1280x854-1-1200x801.jpg 1200w, https:\/\/tvtecjundiai.com.br\/news\/wp-content\/uploads\/sites\/2\/2023\/04\/reuniao_seguranca_rmj_pa-68-3-1280x854-1-300x200.jpg 300w, https:\/\/tvtecjundiai.com.br\/news\/wp-content\/uploads\/sites\/2\/2023\/04\/reuniao_seguranca_rmj_pa-68-3-1280x854-1-768x512.jpg 768w, https:\/\/tvtecjundiai.com.br\/news\/wp-content\/uploads\/sites\/2\/2023\/04\/reuniao_seguranca_rmj_pa-68-3-1280x854-1.jpg 1280w\" sizes=\"auto, (max-width: 1200px) 100vw, 1200px\" \/><\/figure>\n\n\n\n<p><\/p>\n\n\n\n<p><strong><em>(Fonte\/Imagens: Prefeitura de Jundia\u00ed)<\/em><\/strong><\/p>\n","protected":false},"excerpt":{"rendered":"<p>Encontro foi pautado em tr\u00eas temas: muralha virtual, seguran\u00e7a nas escolas e  sistemas de monitoramento<\/p>\n","protected":false},"author":30,"featured_media":107766,"comment_status":"closed","ping_status":"0","sticky":false,"template":"","format":"standard","meta":{"footnotes":""},"categories":[8357,8356,1],"tags":[],"class_list":["post-107765","post","type-post","status-publish","format-standard","has-post-thumbnail","hentry","category-gestao","category-jundiai","category-noticias"],"_links":{"self":[{"href":"https:\/\/tvtecjundiai.com.br\/news\/wp-json\/wp\/v2\/posts\/107765","targetHints":{"allow":["GET"]}}],"collection":[{"href":"https:\/\/tvtecjundiai.com.br\/news\/wp-json\/wp\/v2\/posts"}],"about":[{"href":"https:\/\/tvtecjundiai.com.br\/news\/wp-json\/wp\/v2\/types\/post"}],"author":[{"embeddable":true,"href":"https:\/\/tvtecjundiai.com.br\/news\/wp-json\/wp\/v2\/users\/30"}],"replies":[{"embeddable":true,"href":"https:\/\/tvtecjundiai.com.br\/news\/wp-json\/wp\/v2\/comments?post=107765"}],"version-history":[{"count":3,"href":"https:\/\/tvtecjundiai.com.br\/news\/wp-json\/wp\/v2\/posts\/107765\/revisions"}],"predecessor-version":[{"id":107778,"href":"https:\/\/tvtecjundiai.com.br\/news\/wp-json\/wp\/v2\/posts\/107765\/revisions\/107778"}],"wp:featuredmedia":[{"embeddable":true,"href":"https:\/\/tvtecjundiai.com.br\/news\/wp-json\/wp\/v2\/media\/107766"}],"wp:attachment":[{"href":"https:\/\/tvtecjundiai.com.br\/news\/wp-json\/wp\/v2\/media?parent=107765"}],"wp:term":[{"taxonomy":"category","embeddable":true,"href":"https:\/\/tvtecjundiai.com.br\/news\/wp-json\/wp\/v2\/categories?post=107765"},{"taxonomy":"post_tag","embeddable":true,"href":"https:\/\/tvtecjundiai.com.br\/news\/wp-json\/wp\/v2\/tags?post=107765"}],"curies":[{"name":"wp","href":"https:\/\/api.w.org\/{rel}","templated":true}]}}