{"id":107769,"date":"2023-04-12T10:55:14","date_gmt":"2023-04-12T13:55:14","guid":{"rendered":"https:\/\/tvtecjundiai.com.br\/news\/?p=107769"},"modified":"2023-04-12T11:10:28","modified_gmt":"2023-04-12T14:10:28","slug":"jundiai-tem-um-caso-suspeito-de-sarampo-e-alerta-para-importancia-da-vacinacao","status":"publish","type":"post","link":"https:\/\/tvtecjundiai.com.br\/news\/2023\/04\/12\/jundiai-tem-um-caso-suspeito-de-sarampo-e-alerta-para-importancia-da-vacinacao\/","title":{"rendered":"Jundia\u00ed tem um caso suspeito de sarampo e alerta para import\u00e2ncia da vacina\u00e7\u00e3o"},"content":{"rendered":"\n<p>Jundia\u00ed investiga um caso suspeito de sarampo e aguarda confirma\u00e7\u00e3o de resultados de exames, que devem sair na pr\u00f3xima semana. No munic\u00edpio, os \u00faltimos registros da doen\u00e7a ocorreram em 2019, quando o Estado de S\u00e3o Paulo sofreu um surto e a cidade contabilizou 118 casos. A Unidade de Gest\u00e3o de Promo\u00e7\u00e3o da Sa\u00fade (UGPS) alerta sobre a import\u00e2ncia da vacina\u00e7\u00e3o com a tr\u00edplice viral, que protege contra o sarampo, caxumba e rub\u00e9ola. <\/p>\n\n\n\n<p>O paciente suspeito \u00e9 uma crian\u00e7a de 4 anos. Neste momento, ela est\u00e1 com a sa\u00fade restabelecida e fora do per\u00edodo de transmiss\u00e3o. De imediato, ap\u00f3s a notifica\u00e7\u00e3o, a Vigil\u00e2ncia Epidemiol\u00f3gica (VE) iniciou as a\u00e7\u00f5es de investiga\u00e7\u00e3o dos contatos da crian\u00e7a.<\/p>\n\n\n\n<p>\u201cO sarampo \u00e9 uma doen\u00e7a de notifica\u00e7\u00e3o obrigat\u00f3ria e, assim que recebemos o caso suspeito, realizamos todos os procedimentos preconizados pelo Minist\u00e9rio da Sa\u00fade para evitar poss\u00edveis contamina\u00e7\u00f5es. Ainda estamos no aguardo da confirma\u00e7\u00e3o, mas seguimos atentos \u00e0 possibilidade de casos na cidade e lembrando a import\u00e2ncia da imuniza\u00e7\u00e3o. A vacina \u00e9 a forma mais eficaz de se prevenir. O sarampo \u00e9 uma doen\u00e7a viral e potencialmente grave\u201d, ressalta a enfermeira e coordenadora da VE, Maria do Carmo Possidente.<\/p>\n\n\n\n<figure class=\"wp-block-image size-large\"><img loading=\"lazy\" decoding=\"async\" width=\"1200\" height=\"790\" src=\"https:\/\/tvtecjundiai.com.br\/news\/wp-content\/uploads\/sites\/2\/2023\/04\/sarampo-1280x843-1-1200x790.jpg\" alt=\"\" class=\"wp-image-107770\" srcset=\"https:\/\/tvtecjundiai.com.br\/news\/wp-content\/uploads\/sites\/2\/2023\/04\/sarampo-1280x843-1-1200x790.jpg 1200w, https:\/\/tvtecjundiai.com.br\/news\/wp-content\/uploads\/sites\/2\/2023\/04\/sarampo-1280x843-1-300x198.jpg 300w, https:\/\/tvtecjundiai.com.br\/news\/wp-content\/uploads\/sites\/2\/2023\/04\/sarampo-1280x843-1-768x506.jpg 768w, https:\/\/tvtecjundiai.com.br\/news\/wp-content\/uploads\/sites\/2\/2023\/04\/sarampo-1280x843-1.jpg 1280w\" sizes=\"auto, (max-width: 1200px) 100vw, 1200px\" \/><\/figure>\n\n\n\n<p><\/p>\n\n\n\n<p>No munic\u00edpio, a cobertura vacinal at\u00e9 o momento com a tr\u00edplice viral \u00e9 de 87,51% para primeira dose e 76,02% para a segunda. Em 2022, foi de 86,3% para D1 e de 72,06 % para D2. A vacina deve ser aplicada em duas doses a partir de um ano de vida da crian\u00e7a at\u00e9 29 anos. J\u00e1 as pessoas de 30 a 59 anos (nascidos a partir de 1960) devem receber uma dose. A UGPS disponibiliza a vacina em todas as Unidades B\u00e1sicas de Sa\u00fade (UBSs) e Cl\u00ednicas da Fam\u00edlia, em hor\u00e1rio de atendimento das salas de vacina\u00e7\u00e3o.<\/p>\n\n\n\n<p>\u201c\u00c9 fundamental a conscientiza\u00e7\u00e3o da popula\u00e7\u00e3o para aumentarmos a cobertura vacinal contra essa e outras doen\u00e7as. Temos que fazer a nossa parte e buscar as imuniza\u00e7\u00f5es para n\u00e3o vermos a volta de doen\u00e7as\u201d, alerta o gestor de Promo\u00e7\u00e3o da Sa\u00fade, Tiago Texera.<\/p>\n\n\n\n<p><strong>Transmiss\u00e3o<\/strong><br>O sarampo \u00e9 transmitido por secre\u00e7\u00f5es das vias respirat\u00f3rias, como got\u00edculas eliminadas pelo espirro ou tosse. O per\u00edodo de incuba\u00e7\u00e3o, ou seja, o tempo entre o cont\u00e1gio e o aparecimento dos sintomas, \u00e9 de cerca de 12 dias. Entre os sintomas est\u00e3o: tosse, coriza, olhos inflamados, dor de garganta, febre e irrita\u00e7\u00e3o na pele com manchas vermelhas.<\/p>\n\n\n\n<p><strong><em>(Fonte\/Imagem: Prefeitura de Jundia\u00ed)<\/em><\/strong><\/p>\n","protected":false},"excerpt":{"rendered":"<p>O paciente suspeito \u00e9 uma crian\u00e7a de 4 anos que j\u00e1 est\u00e1 fora do per\u00edodo de transmiss\u00e3o<\/p>\n","protected":false},"author":30,"featured_media":107770,"comment_status":"closed","ping_status":"0","sticky":false,"template":"","format":"standard","meta":{"footnotes":""},"categories":[8356,1,2839,8355],"tags":[],"class_list":["post-107769","post","type-post","status-publish","format-standard","has-post-thumbnail","hentry","category-jundiai","category-noticias","category-saude","category-saude-3"],"_links":{"self":[{"href":"https:\/\/tvtecjundiai.com.br\/news\/wp-json\/wp\/v2\/posts\/107769","targetHints":{"allow":["GET"]}}],"collection":[{"href":"https:\/\/tvtecjundiai.com.br\/news\/wp-json\/wp\/v2\/posts"}],"about":[{"href":"https:\/\/tvtecjundiai.com.br\/news\/wp-json\/wp\/v2\/types\/post"}],"author":[{"embeddable":true,"href":"https:\/\/tvtecjundiai.com.br\/news\/wp-json\/wp\/v2\/users\/30"}],"replies":[{"embeddable":true,"href":"https:\/\/tvtecjundiai.com.br\/news\/wp-json\/wp\/v2\/comments?post=107769"}],"version-history":[{"count":2,"href":"https:\/\/tvtecjundiai.com.br\/news\/wp-json\/wp\/v2\/posts\/107769\/revisions"}],"predecessor-version":[{"id":107774,"href":"https:\/\/tvtecjundiai.com.br\/news\/wp-json\/wp\/v2\/posts\/107769\/revisions\/107774"}],"wp:featuredmedia":[{"embeddable":true,"href":"https:\/\/tvtecjundiai.com.br\/news\/wp-json\/wp\/v2\/media\/107770"}],"wp:attachment":[{"href":"https:\/\/tvtecjundiai.com.br\/news\/wp-json\/wp\/v2\/media?parent=107769"}],"wp:term":[{"taxonomy":"category","embeddable":true,"href":"https:\/\/tvtecjundiai.com.br\/news\/wp-json\/wp\/v2\/categories?post=107769"},{"taxonomy":"post_tag","embeddable":true,"href":"https:\/\/tvtecjundiai.com.br\/news\/wp-json\/wp\/v2\/tags?post=107769"}],"curies":[{"name":"wp","href":"https:\/\/api.w.org\/{rel}","templated":true}]}}