{"id":107772,"date":"2023-04-12T11:12:30","date_gmt":"2023-04-12T14:12:30","guid":{"rendered":"https:\/\/tvtecjundiai.com.br\/news\/?p=107772"},"modified":"2023-04-12T15:03:47","modified_gmt":"2023-04-12T18:03:47","slug":"jundiai-anuncia-ampliacao-do-programa-anjos-da-guarda-e-mais-investimentos-em-seguranca","status":"publish","type":"post","link":"https:\/\/tvtecjundiai.com.br\/news\/2023\/04\/12\/jundiai-anuncia-ampliacao-do-programa-anjos-da-guarda-e-mais-investimentos-em-seguranca\/","title":{"rendered":"Jundia\u00ed anuncia amplia\u00e7\u00e3o do programa Anjos da Guarda e mais investimentos em seguran\u00e7a"},"content":{"rendered":"\n<p>Em pronunciamento divulgado nesta ter\u00e7a-feira (11), o Prefeito Luiz Fernando Machado, anunciou investimentos realizados em seguran\u00e7a para a Educa\u00e7\u00e3o da cidade. Al\u00e9m dos R$ 60 milh\u00f5es em obras, aquisi\u00e7\u00f5es de equipamentos e tecnologia, o chefe do Executivo anunciou a amplia\u00e7\u00e3o do Programa Anjos da Guarda, desenvolvido pela Guarda Municipal de Jundia\u00ed, e a celeridade na aquisi\u00e7\u00e3o de mais 200 c\u00e2meras para o monitoramento da cidade.<\/p>\n\n\n\n<p>Os investimentos j\u00e1 foram iniciados como a constru\u00e7\u00e3o da nova sede e canil e da estrutura de intelig\u00eancia. Recentemente, o munic\u00edpio contratou 60 novos guardas, que est\u00e3o concluindo o curso de forma\u00e7\u00e3o no final de junho e h\u00e1 determina\u00e7\u00e3o para que cerca de metade desse contingente seja direcionado para o programa Anjos da Guarda, iniciativa j\u00e1 em vigor na cidade com a responsabilidade de executar rondas nas escolas.<\/p>\n\n\n<div class=\"wp-block-image\">\n<figure class=\"aligncenter size-large\"><img loading=\"lazy\" decoding=\"async\" width=\"1200\" height=\"800\" src=\"https:\/\/tvtecjundiai.com.br\/news\/wp-content\/uploads\/sites\/2\/2023\/04\/anjos-da-guarda-1200x800.jpg\" alt=\"\" class=\"wp-image-107799\" srcset=\"https:\/\/tvtecjundiai.com.br\/news\/wp-content\/uploads\/sites\/2\/2023\/04\/anjos-da-guarda-1200x800.jpg 1200w, https:\/\/tvtecjundiai.com.br\/news\/wp-content\/uploads\/sites\/2\/2023\/04\/anjos-da-guarda-300x200.jpg 300w, https:\/\/tvtecjundiai.com.br\/news\/wp-content\/uploads\/sites\/2\/2023\/04\/anjos-da-guarda-768x512.jpg 768w, https:\/\/tvtecjundiai.com.br\/news\/wp-content\/uploads\/sites\/2\/2023\/04\/anjos-da-guarda.jpg 1280w\" sizes=\"auto, (max-width: 1200px) 100vw, 1200px\" \/><\/figure>\n<\/div>\n\n\n<p><\/p>\n\n\n\n<p>\u201cA Seguran\u00e7a de nossas crian\u00e7as \u00e9 um assunto indiscut\u00edvel. Por isso, h\u00e1 determina\u00e7\u00e3o para a celeridade na compra de c\u00e2meras, que ser\u00e3o acrescentadas \u00e0s j\u00e1 existentes, al\u00e9m da contrata\u00e7\u00e3o de mais viaturas, que atender\u00e3o ao aumento do efetivo\u201d, comenta o Prefeito Luiz Fernando Machado.<\/p>\n\n\n\n<p>A atua\u00e7\u00e3o da GM \u00e9 realizada em conjunto com a Pol\u00edcia Militar, numa parceria discutida em reuni\u00e3o realizada na segunda-feira (10), ser\u00e1 acrescida do trabalho dos agentes de tr\u00e2nsito, que controlam os fluxos de tr\u00e2nsito nas vias pr\u00f3ximas das escolas. Esses profissionais tamb\u00e9m est\u00e3o orientados a aumentar o n\u00edvel de aten\u00e7\u00e3o com a presen\u00e7a de ve\u00edculos parados ou de estranhos nas redondezas das escolas, devendo acionar a GM se necess\u00e1rio.<\/p>\n\n\n\n<p><em><strong>(Fonte\/Imagem: Prefeitura de Jundia\u00ed)<\/strong><\/em><\/p>\n","protected":false},"excerpt":{"rendered":"<p>Recentemente, o munic\u00edpio contratou 60 novos guardas<\/p>\n","protected":false},"author":30,"featured_media":107799,"comment_status":"closed","ping_status":"0","sticky":false,"template":"","format":"standard","meta":{"footnotes":""},"categories":[8356,1,4739],"tags":[],"class_list":["post-107772","post","type-post","status-publish","format-standard","has-post-thumbnail","hentry","category-jundiai","category-noticias","category-policia"],"_links":{"self":[{"href":"https:\/\/tvtecjundiai.com.br\/news\/wp-json\/wp\/v2\/posts\/107772","targetHints":{"allow":["GET"]}}],"collection":[{"href":"https:\/\/tvtecjundiai.com.br\/news\/wp-json\/wp\/v2\/posts"}],"about":[{"href":"https:\/\/tvtecjundiai.com.br\/news\/wp-json\/wp\/v2\/types\/post"}],"author":[{"embeddable":true,"href":"https:\/\/tvtecjundiai.com.br\/news\/wp-json\/wp\/v2\/users\/30"}],"replies":[{"embeddable":true,"href":"https:\/\/tvtecjundiai.com.br\/news\/wp-json\/wp\/v2\/comments?post=107772"}],"version-history":[{"count":3,"href":"https:\/\/tvtecjundiai.com.br\/news\/wp-json\/wp\/v2\/posts\/107772\/revisions"}],"predecessor-version":[{"id":107800,"href":"https:\/\/tvtecjundiai.com.br\/news\/wp-json\/wp\/v2\/posts\/107772\/revisions\/107800"}],"wp:featuredmedia":[{"embeddable":true,"href":"https:\/\/tvtecjundiai.com.br\/news\/wp-json\/wp\/v2\/media\/107799"}],"wp:attachment":[{"href":"https:\/\/tvtecjundiai.com.br\/news\/wp-json\/wp\/v2\/media?parent=107772"}],"wp:term":[{"taxonomy":"category","embeddable":true,"href":"https:\/\/tvtecjundiai.com.br\/news\/wp-json\/wp\/v2\/categories?post=107772"},{"taxonomy":"post_tag","embeddable":true,"href":"https:\/\/tvtecjundiai.com.br\/news\/wp-json\/wp\/v2\/tags?post=107772"}],"curies":[{"name":"wp","href":"https:\/\/api.w.org\/{rel}","templated":true}]}}