{"id":107796,"date":"2023-04-12T14:45:17","date_gmt":"2023-04-12T17:45:17","guid":{"rendered":"https:\/\/tvtecjundiai.com.br\/news\/?p=107796"},"modified":"2023-04-12T15:14:27","modified_gmt":"2023-04-12T18:14:27","slug":"inscricoes-para-vestibular-da-fatec-jundiai-estao-abertas","status":"publish","type":"post","link":"https:\/\/tvtecjundiai.com.br\/news\/2023\/04\/12\/inscricoes-para-vestibular-da-fatec-jundiai-estao-abertas\/","title":{"rendered":"Inscri\u00e7\u00f5es para vestibular da Fatec Jundia\u00ed est\u00e3o abertas"},"content":{"rendered":"\n<p>A\u00a0<a href=\"http:\/\/www.fatecjd.edu.br\/portal\/\">Fatec Jundia\u00ed \u2013 Deputado Ary Fossen<\/a>\u00a0est\u00e1 com as inscri\u00e7\u00f5es abertas para o vestibular at\u00e9 as 15h do\u00a0<strong>dia 2 de junho<\/strong>\u00a0para os interessados em ingressar no 2\u00b0 semestre de 2023. A taxa de inscri\u00e7\u00e3o custa R$ 91 e a prova presencial ser\u00e1 aplicada no dia 25 de junho, \u00e0s 13h.<\/p>\n\n\n\n<p>As inscri\u00e7\u00f5es podem ser feitas pelo site&nbsp;<a href=\"https:\/\/www.vestibularfatec.com.br\/home\/\">https:\/\/www.vestibularfatec.com.br\/home\/<\/a>.<\/p>\n\n\n<div class=\"wp-block-image\">\n<figure class=\"aligncenter size-large is-resized\"><img loading=\"lazy\" decoding=\"async\" src=\"https:\/\/tvtecjundiai.com.br\/news\/wp-content\/uploads\/sites\/2\/2022\/11\/vestibular-fatec-jundiai-1200x801.png\" alt=\"\" class=\"wp-image-101555\" width=\"667\" height=\"444\" srcset=\"https:\/\/tvtecjundiai.com.br\/news\/wp-content\/uploads\/sites\/2\/2022\/11\/vestibular-fatec-jundiai-1200x801.png 1200w, https:\/\/tvtecjundiai.com.br\/news\/wp-content\/uploads\/sites\/2\/2022\/11\/vestibular-fatec-jundiai-300x200.png 300w, https:\/\/tvtecjundiai.com.br\/news\/wp-content\/uploads\/sites\/2\/2022\/11\/vestibular-fatec-jundiai.png 1242w\" sizes=\"auto, (max-width: 667px) 100vw, 667px\" \/><\/figure>\n<\/div>\n\n\n<p><\/p>\n\n\n\n<p>Os cursos oferecidos na unidade Jundia\u00ed s\u00e3o:<\/p>\n\n\n\n<ul class=\"wp-block-list\">\n<li>An\u00e1lise e Desenvolvimento de Sistemas \u2013 tarde (1\u00b0 ao 4\u00b0 semestre) e noite (5\u00b0 e 6\u00b0 semestres)<\/li>\n\n\n\n<li>Defesa Cibern\u00e9tica \u2013 noite<\/li>\n\n\n\n<li>Eventos \u2013 manh\u00e3<\/li>\n\n\n\n<li>Gest\u00e3o Ambiental \u2013 tarde (1\u00b0 ao 4\u00b0 semestre) e noite (5\u00b0 e 6\u00b0 semestres)<\/li>\n\n\n\n<li>Gest\u00e3o da Tecnologia da Informa\u00e7\u00e3o \u2013 noite<\/li>\n\n\n\n<li>Gest\u00e3o de Log\u00edstica Integrada \u2013 manh\u00e3 e noite<\/li>\n\n\n\n<li>Gest\u00e3o Empresarial \u2013 EaD<\/li>\n\n\n\n<li>Sistemas Embarcados \u2013 manh\u00e3 (1\u00b0 ao 4\u00b0 semestre) e noite (5\u00b0 e 6\u00b0 semestres)<\/li>\n<\/ul>\n\n\n\n<p><em><strong>(Fonte: TVTEC Jundia\u00ed\/Imagem: Governo do Estado de S\u00e3o Paulo)<\/strong><\/em><\/p>\n","protected":false},"excerpt":{"rendered":"<p>A taxa de inscri\u00e7\u00e3o custa R$ 91 e a prova presencial ser\u00e1 aplicada no dia 25 de junho<\/p>\n","protected":false},"author":30,"featured_media":101555,"comment_status":"closed","ping_status":"0","sticky":false,"template":"","format":"standard","meta":{"footnotes":""},"categories":[2828,8356,1],"tags":[],"class_list":["post-107796","post","type-post","status-publish","format-standard","has-post-thumbnail","hentry","category-educacao","category-jundiai","category-noticias"],"_links":{"self":[{"href":"https:\/\/tvtecjundiai.com.br\/news\/wp-json\/wp\/v2\/posts\/107796","targetHints":{"allow":["GET"]}}],"collection":[{"href":"https:\/\/tvtecjundiai.com.br\/news\/wp-json\/wp\/v2\/posts"}],"about":[{"href":"https:\/\/tvtecjundiai.com.br\/news\/wp-json\/wp\/v2\/types\/post"}],"author":[{"embeddable":true,"href":"https:\/\/tvtecjundiai.com.br\/news\/wp-json\/wp\/v2\/users\/30"}],"replies":[{"embeddable":true,"href":"https:\/\/tvtecjundiai.com.br\/news\/wp-json\/wp\/v2\/comments?post=107796"}],"version-history":[{"count":2,"href":"https:\/\/tvtecjundiai.com.br\/news\/wp-json\/wp\/v2\/posts\/107796\/revisions"}],"predecessor-version":[{"id":107801,"href":"https:\/\/tvtecjundiai.com.br\/news\/wp-json\/wp\/v2\/posts\/107796\/revisions\/107801"}],"wp:featuredmedia":[{"embeddable":true,"href":"https:\/\/tvtecjundiai.com.br\/news\/wp-json\/wp\/v2\/media\/101555"}],"wp:attachment":[{"href":"https:\/\/tvtecjundiai.com.br\/news\/wp-json\/wp\/v2\/media?parent=107796"}],"wp:term":[{"taxonomy":"category","embeddable":true,"href":"https:\/\/tvtecjundiai.com.br\/news\/wp-json\/wp\/v2\/categories?post=107796"},{"taxonomy":"post_tag","embeddable":true,"href":"https:\/\/tvtecjundiai.com.br\/news\/wp-json\/wp\/v2\/tags?post=107796"}],"curies":[{"name":"wp","href":"https:\/\/api.w.org\/{rel}","templated":true}]}}