{"id":107807,"date":"2023-04-12T16:39:38","date_gmt":"2023-04-12T19:39:38","guid":{"rendered":"https:\/\/tvtecjundiai.com.br\/news\/?p=107807"},"modified":"2023-04-12T16:39:38","modified_gmt":"2023-04-12T19:39:38","slug":"cidadania-em-movimento-no-campo-faz-acao-no-sabado-15-com-diversos-servicos-gratuitos","status":"publish","type":"post","link":"https:\/\/tvtecjundiai.com.br\/news\/2023\/04\/12\/cidadania-em-movimento-no-campo-faz-acao-no-sabado-15-com-diversos-servicos-gratuitos\/","title":{"rendered":"\u201cCidadania em Movimento no Campo\u201d faz a\u00e7\u00e3o, no s\u00e1bado (15), com diversos servi\u00e7os gratuitos"},"content":{"rendered":"\n<p>A Prefeitura de Jundia\u00ed, o Centro de Integra\u00e7\u00e3o e Cidadania (CIC), e a Coordenadoria de Assist\u00eancia T\u00e9cnica Integral (CATI) promovem a a\u00e7\u00e3o \u201cCidadania em Movimento no Campo\u201d no s\u00e1bado (15), das 9h \u00e0s 13h, na sede da Funda\u00e7\u00e3o Serra do Japi, no Bairro Santa Clara.<\/p>\n\n\n\n<p>No evento, haver\u00e1 a aplica\u00e7\u00e3o de vacinas contra a Covid e as doses do calend\u00e1rio nacional de imuniza\u00e7\u00e3o, conscientiza\u00e7\u00e3o sobre a Sa\u00fade Bucal, al\u00e9m de servi\u00e7os do Procon M\u00f3vel, da Unidade de Gest\u00e3o de Assist\u00eancia e Desenvolvimento Social (UGADS), Jundia\u00ed Empreendedora, orienta\u00e7\u00e3o do Sebrae e apoio ao produtor rural, entre outros servi\u00e7os. Al\u00e9m dos atendimentos fixos do Centro de Integra\u00e7\u00e3o e Cidadania, como emiss\u00e3o de certid\u00f5es (nascimento, casamento e \u00f3bito) e documentos.<\/p>\n\n\n\n<p>O evento \u00e9 gratuito e aberto \u00e0 popula\u00e7\u00e3o.<\/p>\n\n\n<div class=\"wp-block-image\">\n<figure class=\"aligncenter size-large is-resized\"><img loading=\"lazy\" decoding=\"async\" src=\"https:\/\/tvtecjundiai.com.br\/news\/wp-content\/uploads\/sites\/2\/2023\/04\/ubs-fazenda-grande-vacinacao-covid-19_fm_-3-1200x801.jpg\" alt=\"\" class=\"wp-image-107808\" width=\"706\" height=\"471\" srcset=\"https:\/\/tvtecjundiai.com.br\/news\/wp-content\/uploads\/sites\/2\/2023\/04\/ubs-fazenda-grande-vacinacao-covid-19_fm_-3-1200x801.jpg 1200w, https:\/\/tvtecjundiai.com.br\/news\/wp-content\/uploads\/sites\/2\/2023\/04\/ubs-fazenda-grande-vacinacao-covid-19_fm_-3-300x200.jpg 300w, https:\/\/tvtecjundiai.com.br\/news\/wp-content\/uploads\/sites\/2\/2023\/04\/ubs-fazenda-grande-vacinacao-covid-19_fm_-3-768x512.jpg 768w, https:\/\/tvtecjundiai.com.br\/news\/wp-content\/uploads\/sites\/2\/2023\/04\/ubs-fazenda-grande-vacinacao-covid-19_fm_-3.jpg 1280w\" sizes=\"auto, (max-width: 706px) 100vw, 706px\" \/><\/figure>\n<\/div>\n\n\n<p><\/p>\n\n\n\n<p><strong>Servi\u00e7o:<\/strong><br>\u201cCidadania em Movimento no Campo\u201d<br>Data: S\u00e1bado, 15 de abril de 2023<br>Local: Funda\u00e7\u00e3o Serra do Japi<br>Av. At\u00edlio Gobo, 4600 \u2013 Santa Clara<br>Hor\u00e1rio: 9h \u00e0s 13h<\/p>\n\n\n\n<p><strong><em>(Fonte\/Imagem: Prefeitura de Jundia\u00ed)<\/em><\/strong><\/p>\n","protected":false},"excerpt":{"rendered":"<p>O evento \u00e9 gratuito e aberto \u00e0 popula\u00e7\u00e3o.<\/p>\n","protected":false},"author":30,"featured_media":107808,"comment_status":"closed","ping_status":"0","sticky":false,"template":"","format":"standard","meta":{"footnotes":""},"categories":[8356,8354,1],"tags":[],"class_list":["post-107807","post","type-post","status-publish","format-standard","has-post-thumbnail","hentry","category-jundiai","category-lazer","category-noticias"],"_links":{"self":[{"href":"https:\/\/tvtecjundiai.com.br\/news\/wp-json\/wp\/v2\/posts\/107807","targetHints":{"allow":["GET"]}}],"collection":[{"href":"https:\/\/tvtecjundiai.com.br\/news\/wp-json\/wp\/v2\/posts"}],"about":[{"href":"https:\/\/tvtecjundiai.com.br\/news\/wp-json\/wp\/v2\/types\/post"}],"author":[{"embeddable":true,"href":"https:\/\/tvtecjundiai.com.br\/news\/wp-json\/wp\/v2\/users\/30"}],"replies":[{"embeddable":true,"href":"https:\/\/tvtecjundiai.com.br\/news\/wp-json\/wp\/v2\/comments?post=107807"}],"version-history":[{"count":1,"href":"https:\/\/tvtecjundiai.com.br\/news\/wp-json\/wp\/v2\/posts\/107807\/revisions"}],"predecessor-version":[{"id":107809,"href":"https:\/\/tvtecjundiai.com.br\/news\/wp-json\/wp\/v2\/posts\/107807\/revisions\/107809"}],"wp:featuredmedia":[{"embeddable":true,"href":"https:\/\/tvtecjundiai.com.br\/news\/wp-json\/wp\/v2\/media\/107808"}],"wp:attachment":[{"href":"https:\/\/tvtecjundiai.com.br\/news\/wp-json\/wp\/v2\/media?parent=107807"}],"wp:term":[{"taxonomy":"category","embeddable":true,"href":"https:\/\/tvtecjundiai.com.br\/news\/wp-json\/wp\/v2\/categories?post=107807"},{"taxonomy":"post_tag","embeddable":true,"href":"https:\/\/tvtecjundiai.com.br\/news\/wp-json\/wp\/v2\/tags?post=107807"}],"curies":[{"name":"wp","href":"https:\/\/api.w.org\/{rel}","templated":true}]}}