{"id":107839,"date":"2023-04-13T10:37:21","date_gmt":"2023-04-13T13:37:21","guid":{"rendered":"https:\/\/tvtecjundiai.com.br\/news\/?p=107839"},"modified":"2023-04-13T10:44:35","modified_gmt":"2023-04-13T13:44:35","slug":"funss-tera-pre-inscricao-para-curso-descentralizado-de-cuidador-de-idosos","status":"publish","type":"post","link":"https:\/\/tvtecjundiai.com.br\/news\/2023\/04\/13\/funss-tera-pre-inscricao-para-curso-descentralizado-de-cuidador-de-idosos\/","title":{"rendered":"Fundo Social ter\u00e1 pr\u00e9-inscri\u00e7\u00e3o para curso descentralizado de Cuidador de Idosos"},"content":{"rendered":"\n<p>O Fundo Social de Solidariedade de Jundia\u00ed (Funss) abre, nesta sexta-feira (14), \u00e0s 9h, a pr\u00e9-inscri\u00e7\u00e3o para um curso bastante procurado: Cuidador de Idosos. A capacita\u00e7\u00e3o ser\u00e1 realizada de forma descentralizada, com aulas ministradas na sede da igreja Jerusalem Church, no bairro Anhangaba\u00fa.<\/p>\n\n\n\n<p>Para participar \u00e9 necess\u00e1rio ter 18 anos completos, ser morador de Jundia\u00ed e ter o Ensino Fundamental completo. O interessado dever\u00e1 acessar o link da pr\u00e9-inscri\u00e7\u00e3o, abaixo, e preencher o Formul\u00e1rio Google com seus dados pessoais. O crit\u00e9rio de sele\u00e7\u00e3o e forma\u00e7\u00e3o das turmas \u00e9 a ordem de envio destas informa\u00e7\u00f5es, que considera hora, minuto e segundo. Confira o cronograma:<\/p>\n\n\n\n<p><strong>Curso de<\/strong>&nbsp;<strong>Cuidador de Idoso<\/strong>s<br>Idade m\u00ednima: 18 anos<br>Vagas: 30<br>In\u00edcio: 24\/04 &nbsp; &nbsp; &nbsp;T\u00e9rmino: 29\/05<br>Aulas de 2\u00aa, 3\u00aa, 4\u00aa e 5\u00aa feira<br>20 aulas<br>Hor\u00e1rio: 18h \u00e0s 22h<br>Local:&nbsp;Jerusalem Church \u2013 Rua Francisco Pereira de Castro, 1033 \u2013 Bairro Anhangaba\u00fa<br><strong>Link para inscri\u00e7\u00e3o:<\/strong>&nbsp;<a rel=\"noreferrer noopener\" href=\"https:\/\/forms.gle\/pru6TaKZa7B4afPu6\" target=\"_blank\">https:\/\/forms.gle\/pru6TaKZa7B4afPu6<\/a><\/p>\n\n\n<div class=\"wp-block-image\">\n<figure class=\"aligncenter size-large is-resized\"><img loading=\"lazy\" decoding=\"async\" src=\"https:\/\/tvtecjundiai.com.br\/news\/wp-content\/uploads\/sites\/2\/2023\/04\/cuidador-de-idosos-2-1280x854-1-1200x801.jpg\" alt=\"\" class=\"wp-image-107840\" width=\"732\" height=\"488\" srcset=\"https:\/\/tvtecjundiai.com.br\/news\/wp-content\/uploads\/sites\/2\/2023\/04\/cuidador-de-idosos-2-1280x854-1-1200x801.jpg 1200w, https:\/\/tvtecjundiai.com.br\/news\/wp-content\/uploads\/sites\/2\/2023\/04\/cuidador-de-idosos-2-1280x854-1-300x200.jpg 300w, https:\/\/tvtecjundiai.com.br\/news\/wp-content\/uploads\/sites\/2\/2023\/04\/cuidador-de-idosos-2-1280x854-1-768x512.jpg 768w, https:\/\/tvtecjundiai.com.br\/news\/wp-content\/uploads\/sites\/2\/2023\/04\/cuidador-de-idosos-2-1280x854-1.jpg 1280w\" sizes=\"auto, (max-width: 732px) 100vw, 732px\" \/><figcaption class=\"wp-element-caption\">Capacita\u00e7\u00e3o ser\u00e1 descentralizada e, por isso, com aulas na sede de uma igreja, no bairro Anhangaba\u00fa<\/figcaption><\/figure>\n<\/div>\n\n\n<p><strong>Contemplados<\/strong><\/p>\n\n\n\n<p>Os nomes dos alunos matriculados ser\u00e3o divulgados no site da Prefeitura de Jundia\u00ed e dados detalhados ser\u00e3o repassados por meio do contato de WhatsApp informado no ato da pr\u00e9-inscri\u00e7\u00e3o apenas aos alunos contemplados com a vaga. As fichas n\u00e3o contempladas est\u00e3o, automaticamente, na lista de espera e poder\u00e3o ser convocadas em caso de desist\u00eancia.<\/p>\n\n\n\n<p>Por ser realizada dentro das a\u00e7\u00f5es de descentraliza\u00e7\u00e3o de cursos gratuitos, a capacita\u00e7\u00e3o de Cuidador de Idosos ter\u00e1 suas aulas ministradas na sede da igreja Jerusalem Church. O endere\u00e7o \u00e9 a rua Francisco Pereira de Castro, 1033, no bairro Anhangaba\u00fa. Informa\u00e7\u00f5es pelos telefones do Fundo Social: (11) 4589-6319, 4589-6320.<\/p>\n\n\n\n<p><strong><em>(Fonte\/Imagem: Prefeitura de Jundia\u00ed)<\/em><\/strong><\/p>\n","protected":false},"excerpt":{"rendered":"<p>Capacita\u00e7\u00e3o ser\u00e1 descentralizada e, por isso, com aulas na sede de uma igreja, no bairro Anhangaba\u00fa<\/p>\n","protected":false},"author":30,"featured_media":107840,"comment_status":"closed","ping_status":"0","sticky":false,"template":"","format":"standard","meta":{"footnotes":""},"categories":[2832,8356,1],"tags":[],"class_list":["post-107839","post","type-post","status-publish","format-standard","has-post-thumbnail","hentry","category-cursos","category-jundiai","category-noticias"],"_links":{"self":[{"href":"https:\/\/tvtecjundiai.com.br\/news\/wp-json\/wp\/v2\/posts\/107839","targetHints":{"allow":["GET"]}}],"collection":[{"href":"https:\/\/tvtecjundiai.com.br\/news\/wp-json\/wp\/v2\/posts"}],"about":[{"href":"https:\/\/tvtecjundiai.com.br\/news\/wp-json\/wp\/v2\/types\/post"}],"author":[{"embeddable":true,"href":"https:\/\/tvtecjundiai.com.br\/news\/wp-json\/wp\/v2\/users\/30"}],"replies":[{"embeddable":true,"href":"https:\/\/tvtecjundiai.com.br\/news\/wp-json\/wp\/v2\/comments?post=107839"}],"version-history":[{"count":2,"href":"https:\/\/tvtecjundiai.com.br\/news\/wp-json\/wp\/v2\/posts\/107839\/revisions"}],"predecessor-version":[{"id":107842,"href":"https:\/\/tvtecjundiai.com.br\/news\/wp-json\/wp\/v2\/posts\/107839\/revisions\/107842"}],"wp:featuredmedia":[{"embeddable":true,"href":"https:\/\/tvtecjundiai.com.br\/news\/wp-json\/wp\/v2\/media\/107840"}],"wp:attachment":[{"href":"https:\/\/tvtecjundiai.com.br\/news\/wp-json\/wp\/v2\/media?parent=107839"}],"wp:term":[{"taxonomy":"category","embeddable":true,"href":"https:\/\/tvtecjundiai.com.br\/news\/wp-json\/wp\/v2\/categories?post=107839"},{"taxonomy":"post_tag","embeddable":true,"href":"https:\/\/tvtecjundiai.com.br\/news\/wp-json\/wp\/v2\/tags?post=107839"}],"curies":[{"name":"wp","href":"https:\/\/api.w.org\/{rel}","templated":true}]}}