{"id":107852,"date":"2023-04-13T14:32:53","date_gmt":"2023-04-13T17:32:53","guid":{"rendered":"https:\/\/tvtecjundiai.com.br\/news\/?p=107852"},"modified":"2023-04-13T14:32:59","modified_gmt":"2023-04-13T17:32:59","slug":"agenda-para-drive-thru-de-vacinacao-contra-gripe-abre-nesta-sexta-14","status":"publish","type":"post","link":"https:\/\/tvtecjundiai.com.br\/news\/2023\/04\/13\/agenda-para-drive-thru-de-vacinacao-contra-gripe-abre-nesta-sexta-14\/","title":{"rendered":"Agenda para drive-thru de vacina\u00e7\u00e3o contra gripe abre nesta sexta (14)"},"content":{"rendered":"\n<p>A Prefeitura de Jundia\u00ed abre nesta sexta-feira (14), a partir das 15h, agendamento para pessoas com mais de 60 anos que queiram receber a vacina contra Influenza (gripe) em sistema drive-thru. A aplica\u00e7\u00e3o ser\u00e1 entre ter\u00e7a (18) e quinta-feira (20), no Parque da Uva, das 17h \u00e0s 20h30. O agendamento pode ser feito no\u00a0<a href=\"https:\/\/jundiai.sp.gov.br\/\">site<\/a>\u00a0ou no\u00a0<a href=\"https:\/\/jundiai.sp.gov.br\/aplicativo-prefeitura-de-jundiai\/\">APP Jundia\u00ed<\/a>.<\/p>\n\n\n\n<p>\u201cAl\u00e9m dos pontos fixos, onde n\u00e3o h\u00e1 a necessidade de agendamento, estamos disponibilizando o drive-thru para esse p\u00fablico. O Munic\u00edpio adota diversas estrat\u00e9gias para que a popula\u00e7\u00e3o habilitada busque pelo imunizante. A Influenza \u00e9 uma doen\u00e7a que pode se agravar, principalmente em idosos, crian\u00e7as, gestantes, pu\u00e9rperas e portadores de doen\u00e7as cr\u00f4nicas, que s\u00e3o os p\u00fablicos priorit\u00e1rios da campanha\u201d, ressalta a coordenadora da Vigil\u00e2ncia Epidemiol\u00f3gica, enfermeira Maria do Carmo Possidente.<\/p>\n\n\n\n<p>Anualmente, a vacina \u00e9 atualizada para que a dose seja efetiva na prote\u00e7\u00e3o contra as cepas do v\u00edrus que circulam no ano anterior. Neste ano, o Minist\u00e9rio da Sa\u00fade novamente refor\u00e7ou que o imunizante contra gripe pode ser aplicado junto a qualquer vacina do Programa Nacional de Imuniza\u00e7\u00f5es e tamb\u00e9m com as doses contra COVID-19.<\/p>\n\n\n\n<figure class=\"wp-block-image size-large\"><img loading=\"lazy\" decoding=\"async\" width=\"1200\" height=\"800\" src=\"https:\/\/tvtecjundiai.com.br\/news\/wp-content\/uploads\/sites\/2\/2023\/04\/vacina_drive-thru_parque-_da_uva-11-1280x853-1-1200x800.jpg\" alt=\"\" class=\"wp-image-107853\" srcset=\"https:\/\/tvtecjundiai.com.br\/news\/wp-content\/uploads\/sites\/2\/2023\/04\/vacina_drive-thru_parque-_da_uva-11-1280x853-1-1200x800.jpg 1200w, https:\/\/tvtecjundiai.com.br\/news\/wp-content\/uploads\/sites\/2\/2023\/04\/vacina_drive-thru_parque-_da_uva-11-1280x853-1-300x200.jpg 300w, https:\/\/tvtecjundiai.com.br\/news\/wp-content\/uploads\/sites\/2\/2023\/04\/vacina_drive-thru_parque-_da_uva-11-1280x853-1-768x512.jpg 768w, https:\/\/tvtecjundiai.com.br\/news\/wp-content\/uploads\/sites\/2\/2023\/04\/vacina_drive-thru_parque-_da_uva-11-1280x853-1.jpg 1280w\" sizes=\"auto, (max-width: 1200px) 100vw, 1200px\" \/><\/figure>\n\n\n\n<p><\/p>\n\n\n\n<p><strong>Programa\u00e7\u00e3o<\/strong><br>Al\u00e9m das pessoas com mais de 60 anos, a partir de s\u00e1bado (15), podem tomar a vacina contra gripe: crian\u00e7as de 6 meses a menores de 6 anos (5 anos, 11 meses e 29 dias), trabalhadores da sa\u00fade, gestantes, pu\u00e9rperas, professores do ensino b\u00e1sico a superior, povos ind\u00edgenas, profissionais das for\u00e7as de seguran\u00e7a e salvamento, profissionais das for\u00e7as armadas, pessoas com defici\u00eancia permanente, caminhoneiros, trabalhadores de transporte coletivo rodovi\u00e1rio para passageiros urbano e de longo curso, trabalhadores portu\u00e1rios, funcion\u00e1rios do sistema prisional e pessoas portadoras de doen\u00e7as cr\u00f4nicas n\u00e3o transmiss\u00edveis e outras condi\u00e7\u00f5es cl\u00ednicas especiais.<\/p>\n\n\n\n<p>Juntamente com um documento pessoal de identifica\u00e7\u00e3o, \u00e9 necess\u00e1rio apresentar documento que comprove a condi\u00e7\u00e3o (registro profissional, receita m\u00e9dica, exame e prescri\u00e7\u00e3o m\u00e9dica com CID).<\/p>\n\n\n\n<p>Durante a semana, todas as Unidades B\u00e1sicas de Sa\u00fade (UBSs), Novas UBSs e Cl\u00ednicas da Sa\u00fade realizam a aplica\u00e7\u00e3o das doses, no per\u00edodo da manh\u00e3.\u00a0<\/p>\n\n\n\n<p>Neste s\u00e1bado (15), tamb\u00e9m haver\u00e1 campanha contra gripe, COVID-19 e vacinas previstas no calend\u00e1rio nacional de imuniza\u00e7\u00e3o. A aplica\u00e7\u00e3o das doses ser\u00e1 das 11h \u00e0s 17h, no Espa\u00e7o Jundia\u00ed Empreendedora, localizado no piso G3 do Maxi Shopping; e das 8h \u00e0s 16h, nas Novas UBSs Jardim do Lago, Maring\u00e1 e Santa Gertrudes; nas UBS Anhangaba\u00fa, Tarum\u00e3, Morada das Vinhas, Col\u00f4nia e Rui Barbosa; na Cl\u00ednicas da Fam\u00edlia Hortol\u00e2ndia; e na Cl\u00ednica da Fam\u00edlia 2 \u2013 Almerinda Chaves.<\/p>\n\n\n\n<p><em><strong>(Fonte\/Imagem: Prefeitura de Jundia\u00ed)<\/strong><\/em><\/p>\n","protected":false},"excerpt":{"rendered":"<p>O agendamento pode ser feito no\u00a0site\u00a0ou no\u00a0APP Jundia\u00ed<\/p>\n","protected":false},"author":30,"featured_media":107853,"comment_status":"closed","ping_status":"0","sticky":false,"template":"","format":"standard","meta":{"footnotes":""},"categories":[8356,1,2839,8355],"tags":[],"class_list":["post-107852","post","type-post","status-publish","format-standard","has-post-thumbnail","hentry","category-jundiai","category-noticias","category-saude","category-saude-3"],"_links":{"self":[{"href":"https:\/\/tvtecjundiai.com.br\/news\/wp-json\/wp\/v2\/posts\/107852","targetHints":{"allow":["GET"]}}],"collection":[{"href":"https:\/\/tvtecjundiai.com.br\/news\/wp-json\/wp\/v2\/posts"}],"about":[{"href":"https:\/\/tvtecjundiai.com.br\/news\/wp-json\/wp\/v2\/types\/post"}],"author":[{"embeddable":true,"href":"https:\/\/tvtecjundiai.com.br\/news\/wp-json\/wp\/v2\/users\/30"}],"replies":[{"embeddable":true,"href":"https:\/\/tvtecjundiai.com.br\/news\/wp-json\/wp\/v2\/comments?post=107852"}],"version-history":[{"count":1,"href":"https:\/\/tvtecjundiai.com.br\/news\/wp-json\/wp\/v2\/posts\/107852\/revisions"}],"predecessor-version":[{"id":107854,"href":"https:\/\/tvtecjundiai.com.br\/news\/wp-json\/wp\/v2\/posts\/107852\/revisions\/107854"}],"wp:featuredmedia":[{"embeddable":true,"href":"https:\/\/tvtecjundiai.com.br\/news\/wp-json\/wp\/v2\/media\/107853"}],"wp:attachment":[{"href":"https:\/\/tvtecjundiai.com.br\/news\/wp-json\/wp\/v2\/media?parent=107852"}],"wp:term":[{"taxonomy":"category","embeddable":true,"href":"https:\/\/tvtecjundiai.com.br\/news\/wp-json\/wp\/v2\/categories?post=107852"},{"taxonomy":"post_tag","embeddable":true,"href":"https:\/\/tvtecjundiai.com.br\/news\/wp-json\/wp\/v2\/tags?post=107852"}],"curies":[{"name":"wp","href":"https:\/\/api.w.org\/{rel}","templated":true}]}}