{"id":107867,"date":"2023-04-14T10:02:28","date_gmt":"2023-04-14T13:02:28","guid":{"rendered":"https:\/\/tvtecjundiai.com.br\/news\/?p=107867"},"modified":"2023-04-14T10:44:19","modified_gmt":"2023-04-14T13:44:19","slug":"fim-de-semana-sera-de-clima-ameno-e-pancadas-de-chuva-em-jundiai","status":"publish","type":"post","link":"https:\/\/tvtecjundiai.com.br\/news\/2023\/04\/14\/fim-de-semana-sera-de-clima-ameno-e-pancadas-de-chuva-em-jundiai\/","title":{"rendered":"Fim de semana ser\u00e1 de clima ameno e pancadas de chuva em Jundia\u00ed"},"content":{"rendered":"\n<p>O fim de semana ser\u00e1 de clima ameno e com pancadas de chuva em Jundia\u00ed. Segundo o Climatempo, os term\u00f4metros devem ficar entre 18\u00b0C e 27\u00b0C.<\/p>\n\n\n\n<p>Nesta sexta-feira (14), a previs\u00e3o \u00e9 de sol com algumas nuvens e pancadas de chuva durante o dia e \u00e0 noite, que devem somar 13mm. Os term\u00f4metros ficam entre 19\u00b0C e 27\u00b0C.<\/p>\n\n\n<div class=\"wp-block-image\">\n<figure class=\"aligncenter size-large is-resized\"><img loading=\"lazy\" decoding=\"async\" src=\"https:\/\/tvtecjundiai.com.br\/news\/wp-content\/uploads\/sites\/2\/2023\/04\/foto-bom-dia-jardim-esplanada-lila-camargo-1200x800.jpg\" alt=\"\" class=\"wp-image-107873\" width=\"696\" height=\"464\" srcset=\"https:\/\/tvtecjundiai.com.br\/news\/wp-content\/uploads\/sites\/2\/2023\/04\/foto-bom-dia-jardim-esplanada-lila-camargo-1200x800.jpg 1200w, https:\/\/tvtecjundiai.com.br\/news\/wp-content\/uploads\/sites\/2\/2023\/04\/foto-bom-dia-jardim-esplanada-lila-camargo-300x200.jpg 300w, https:\/\/tvtecjundiai.com.br\/news\/wp-content\/uploads\/sites\/2\/2023\/04\/foto-bom-dia-jardim-esplanada-lila-camargo-768x512.jpg 768w, https:\/\/tvtecjundiai.com.br\/news\/wp-content\/uploads\/sites\/2\/2023\/04\/foto-bom-dia-jardim-esplanada-lila-camargo.jpg 1280w\" sizes=\"auto, (max-width: 696px) 100vw, 696px\" \/><\/figure>\n<\/div>\n\n\n<p><\/p>\n\n\n\n<p>No s\u00e1bado (15), o dia \u00e9 de sol com algumas nuvens e pancadas de chuva durante o dia e \u00e0 noite, que devem somar 15mm. A temperatura fica entre 20\u00b0C e 25\u00b0C.<\/p>\n\n\n\n<p>No domingo (16), o dia deve ser de sol com algumas nuvens, sem chuva, com os term\u00f4metros entre 18\u00b0C e 27\u00b0C.<\/p>\n\n\n\n<p><em><strong>(Fonte: TVTEC Jundia\u00ed\/Imagem: Lila Camargo)<\/strong><\/em><\/p>\n","protected":false},"excerpt":{"rendered":"<p>Segundo o Climatempo, os term\u00f4metros devem ficar entre 18\u00b0C e 27\u00b0C<\/p>\n","protected":false},"author":30,"featured_media":107873,"comment_status":"closed","ping_status":"0","sticky":false,"template":"","format":"standard","meta":{"footnotes":""},"categories":[3185,8356,1],"tags":[],"class_list":["post-107867","post","type-post","status-publish","format-standard","has-post-thumbnail","hentry","category-clima","category-jundiai","category-noticias"],"_links":{"self":[{"href":"https:\/\/tvtecjundiai.com.br\/news\/wp-json\/wp\/v2\/posts\/107867","targetHints":{"allow":["GET"]}}],"collection":[{"href":"https:\/\/tvtecjundiai.com.br\/news\/wp-json\/wp\/v2\/posts"}],"about":[{"href":"https:\/\/tvtecjundiai.com.br\/news\/wp-json\/wp\/v2\/types\/post"}],"author":[{"embeddable":true,"href":"https:\/\/tvtecjundiai.com.br\/news\/wp-json\/wp\/v2\/users\/30"}],"replies":[{"embeddable":true,"href":"https:\/\/tvtecjundiai.com.br\/news\/wp-json\/wp\/v2\/comments?post=107867"}],"version-history":[{"count":1,"href":"https:\/\/tvtecjundiai.com.br\/news\/wp-json\/wp\/v2\/posts\/107867\/revisions"}],"predecessor-version":[{"id":107874,"href":"https:\/\/tvtecjundiai.com.br\/news\/wp-json\/wp\/v2\/posts\/107867\/revisions\/107874"}],"wp:featuredmedia":[{"embeddable":true,"href":"https:\/\/tvtecjundiai.com.br\/news\/wp-json\/wp\/v2\/media\/107873"}],"wp:attachment":[{"href":"https:\/\/tvtecjundiai.com.br\/news\/wp-json\/wp\/v2\/media?parent=107867"}],"wp:term":[{"taxonomy":"category","embeddable":true,"href":"https:\/\/tvtecjundiai.com.br\/news\/wp-json\/wp\/v2\/categories?post=107867"},{"taxonomy":"post_tag","embeddable":true,"href":"https:\/\/tvtecjundiai.com.br\/news\/wp-json\/wp\/v2\/tags?post=107867"}],"curies":[{"name":"wp","href":"https:\/\/api.w.org\/{rel}","templated":true}]}}