{"id":107875,"date":"2023-04-14T10:26:03","date_gmt":"2023-04-14T13:26:03","guid":{"rendered":"https:\/\/tvtecjundiai.com.br\/news\/?p=107875"},"modified":"2023-04-14T15:14:39","modified_gmt":"2023-04-14T18:14:39","slug":"25-enredanca-tem-apresentacoes-com-entrada-gratuita-para-o-publico","status":"publish","type":"post","link":"https:\/\/tvtecjundiai.com.br\/news\/2023\/04\/14\/25-enredanca-tem-apresentacoes-com-entrada-gratuita-para-o-publico\/","title":{"rendered":"25\u00b0 Enredan\u00e7a tem apresenta\u00e7\u00f5es com entrada gratuita para o p\u00fablico"},"content":{"rendered":"\n<p>Com cerca de 20 apresenta\u00e7\u00f5es programadas pelas Mostras Paralela e Competitiva, o&nbsp;<a rel=\"noreferrer noopener\" href=\"https:\/\/cultura.jundiai.sp.gov.br\/enredanca\/\" target=\"_blank\">25\u00ba Enredan\u00e7a<\/a>&nbsp;ser\u00e1 realizado entre esta sexta (14) e o domingo (23), e contar\u00e1 com entrada gratuita para todos que quiserem acompanhar as performances dos bailarinos, academias e grupos de dan\u00e7a inscritos.<\/p>\n\n\n\n<p>Logo na abertura do festival, na&nbsp;Sexta no Centro desta sexta-feira (14), as performances de dan\u00e7a e de m\u00fasica na Pra\u00e7a Marechal Floriano Peixoto (Pra\u00e7a do Coreto) s\u00e3o totalmente gratuitas. Antecedendo as apresenta\u00e7\u00f5es das bandas Cabe\u00e7a de Mamute (16h), Sess\u00e3o Alternativa (18h) e Trio Soul Balan\u00e7o (20h), o p\u00fablico poder\u00e1 assistir \u00e0s performances do jingle oficial do festival por grupos de dan\u00e7a da regi\u00e3o.<\/p>\n\n\n\n<figure class=\"wp-block-image size-large\"><img loading=\"lazy\" decoding=\"async\" width=\"1200\" height=\"801\" src=\"https:\/\/tvtecjundiai.com.br\/news\/wp-content\/uploads\/sites\/2\/2023\/04\/52019659167_20b1813575_k-1200x801.jpg\" alt=\"\" class=\"wp-image-107876\" srcset=\"https:\/\/tvtecjundiai.com.br\/news\/wp-content\/uploads\/sites\/2\/2023\/04\/52019659167_20b1813575_k-1200x801.jpg 1200w, https:\/\/tvtecjundiai.com.br\/news\/wp-content\/uploads\/sites\/2\/2023\/04\/52019659167_20b1813575_k-300x200.jpg 300w, https:\/\/tvtecjundiai.com.br\/news\/wp-content\/uploads\/sites\/2\/2023\/04\/52019659167_20b1813575_k-768x512.jpg 768w, https:\/\/tvtecjundiai.com.br\/news\/wp-content\/uploads\/sites\/2\/2023\/04\/52019659167_20b1813575_k.jpg 1280w\" sizes=\"auto, (max-width: 1200px) 100vw, 1200px\" \/><\/figure>\n\n\n\n<p><\/p>\n\n\n\n<p>Pela&nbsp;<a rel=\"noreferrer noopener\" href=\"https:\/\/cultura.jundiai.sp.gov.br\/enredanca\/mostra-competitiva\/\" target=\"_blank\">Mostra Competitiva<\/a>, as coreografias concorrentes apresentam-se no Teatro Polytheama nas noites dos dias 15 e 16 e entre 18 e 23 de abril, sendo a \u00faltima a Noite de Gala do Festival. Para estas apresenta\u00e7\u00f5es, os ingressos gratuitos ficar\u00e3o dispon\u00edveis na bilheteria do Teatro (rua Bar\u00e3o de Jundia\u00ed, 176, Centro) ou pela plataforma Sympla, sempre a partir das 10h30 do dia do espet\u00e1culo. Cada interessado tem direito a tr\u00eas ingressos.<\/p>\n\n\n\n<p>J\u00e1 pela&nbsp;<a rel=\"noreferrer noopener\" href=\"https:\/\/cultura.jundiai.sp.gov.br\/enredanca\/mostra-paralela\/\" target=\"_blank\">Mostra Paralela<\/a>, com exce\u00e7\u00e3o das apresenta\u00e7\u00f5es em escolas (em que s\u00f3 poder\u00e3o participar os alunos e educadores), as apresenta\u00e7\u00f5es na Pracinha da Cultura do Vista Alegre deste s\u00e1bado (15) e no Maxi Shopping, s\u00e3o abertas ao p\u00fablico, sempre a partir das 14h.<\/p>\n\n\n\n<p>O Enredan\u00e7a \u00e9 uma realiza\u00e7\u00e3o da Unidade de Gest\u00e3o de Cultura, em parceria com a Unidade de Gest\u00e3o de Educa\u00e7\u00e3o e patroc\u00ednios do Maxi Shopping e da Associa\u00e7\u00e3o Comercial (ACE).&nbsp;<a rel=\"noreferrer noopener\" href=\"https:\/\/cultura.jundiai.sp.gov.br\/enredanca\/\" target=\"_blank\">Os detalhes da programa\u00e7\u00e3o podem ser conferidos no site do festival<\/a>.<\/p>\n\n\n\n<p><strong><em>(Fonte\/Imagem: Prefeitura de Jundia\u00ed)<\/em><\/strong><\/p>\n","protected":false},"excerpt":{"rendered":"<p>S\u00e3o cerca de 20 apresenta\u00e7\u00f5es programadas pelas Mostras Paralela e Competitiva<\/p>\n","protected":false},"author":30,"featured_media":107876,"comment_status":"closed","ping_status":"0","sticky":false,"template":"","format":"standard","meta":{"footnotes":""},"categories":[2833,8356,1],"tags":[],"class_list":["post-107875","post","type-post","status-publish","format-standard","has-post-thumbnail","hentry","category-cultura","category-jundiai","category-noticias"],"_links":{"self":[{"href":"https:\/\/tvtecjundiai.com.br\/news\/wp-json\/wp\/v2\/posts\/107875","targetHints":{"allow":["GET"]}}],"collection":[{"href":"https:\/\/tvtecjundiai.com.br\/news\/wp-json\/wp\/v2\/posts"}],"about":[{"href":"https:\/\/tvtecjundiai.com.br\/news\/wp-json\/wp\/v2\/types\/post"}],"author":[{"embeddable":true,"href":"https:\/\/tvtecjundiai.com.br\/news\/wp-json\/wp\/v2\/users\/30"}],"replies":[{"embeddable":true,"href":"https:\/\/tvtecjundiai.com.br\/news\/wp-json\/wp\/v2\/comments?post=107875"}],"version-history":[{"count":2,"href":"https:\/\/tvtecjundiai.com.br\/news\/wp-json\/wp\/v2\/posts\/107875\/revisions"}],"predecessor-version":[{"id":107901,"href":"https:\/\/tvtecjundiai.com.br\/news\/wp-json\/wp\/v2\/posts\/107875\/revisions\/107901"}],"wp:featuredmedia":[{"embeddable":true,"href":"https:\/\/tvtecjundiai.com.br\/news\/wp-json\/wp\/v2\/media\/107876"}],"wp:attachment":[{"href":"https:\/\/tvtecjundiai.com.br\/news\/wp-json\/wp\/v2\/media?parent=107875"}],"wp:term":[{"taxonomy":"category","embeddable":true,"href":"https:\/\/tvtecjundiai.com.br\/news\/wp-json\/wp\/v2\/categories?post=107875"},{"taxonomy":"post_tag","embeddable":true,"href":"https:\/\/tvtecjundiai.com.br\/news\/wp-json\/wp\/v2\/tags?post=107875"}],"curies":[{"name":"wp","href":"https:\/\/api.w.org\/{rel}","templated":true}]}}