{"id":107882,"date":"2023-04-14T13:19:25","date_gmt":"2023-04-14T16:19:25","guid":{"rendered":"https:\/\/tvtecjundiai.com.br\/news\/?p=107882"},"modified":"2023-04-14T13:19:30","modified_gmt":"2023-04-14T16:19:30","slug":"agenda-em-portugal-tem-cidades-inteligentes-na-pauta","status":"publish","type":"post","link":"https:\/\/tvtecjundiai.com.br\/news\/2023\/04\/14\/agenda-em-portugal-tem-cidades-inteligentes-na-pauta\/","title":{"rendered":"Agenda em Portugal tem Cidades Inteligentes na pauta"},"content":{"rendered":"\n<p>Os gestores Jos\u00e9 Antonio Parimoschi (Governo e Finan\u00e7as) e Cristiano Lopes (Desenvolvimento Econ\u00f4mico), que est\u00e3o em Portugal na miss\u00e3o promovida pela Frente Nacional de Prefeitos (FNP), participaram, nesta quinta-feira (13), de agenda institucional na cidade de Aveiro. A pauta do dia esteve voltada para iniciativas ligadas ao conceito de Cidades Inteligentes.<\/p>\n\n\n\n<p>A comitiva de Jundia\u00ed conheceu pr\u00e1ticas educacionais usada na rede municipal de ensino no chamado Espa\u00e7o Tech Labs, que complementa o sistema de aprendizado de forma semelhante ao FabLab de Jundia\u00ed. O Instituto de Telecomunica\u00e7\u00f5es da Universidade de Aveiro tamb\u00e9m foi um dos pontos de parada. Na chegada \u00e0 cidade, a comitiva foi recepcionada pelo Prefeito de Aveiro, Jos\u00e9 Ribau Esteves.<\/p>\n\n\n\n<figure class=\"wp-block-image size-large\"><img loading=\"lazy\" decoding=\"async\" width=\"1200\" height=\"900\" src=\"https:\/\/tvtecjundiai.com.br\/news\/wp-content\/uploads\/sites\/2\/2023\/04\/whatsapp-image-2023-04-13-at-17-12-36-1200x900.jpeg\" alt=\"\" class=\"wp-image-107883\" srcset=\"https:\/\/tvtecjundiai.com.br\/news\/wp-content\/uploads\/sites\/2\/2023\/04\/whatsapp-image-2023-04-13-at-17-12-36-1200x900.jpeg 1200w, https:\/\/tvtecjundiai.com.br\/news\/wp-content\/uploads\/sites\/2\/2023\/04\/whatsapp-image-2023-04-13-at-17-12-36-300x225.jpeg 300w, https:\/\/tvtecjundiai.com.br\/news\/wp-content\/uploads\/sites\/2\/2023\/04\/whatsapp-image-2023-04-13-at-17-12-36-768x576.jpeg 768w, https:\/\/tvtecjundiai.com.br\/news\/wp-content\/uploads\/sites\/2\/2023\/04\/whatsapp-image-2023-04-13-at-17-12-36.jpeg 1280w\" sizes=\"auto, (max-width: 1200px) 100vw, 1200px\" \/><\/figure>\n\n\n\n<p>\u201cJundia\u00ed realiza investimentos para se tornar uma cidade cada vez mais inteligente e conectada. O uso da tecnologia tem como objetivo melhorar a qualidade do servi\u00e7o p\u00fablico prestado \u00e0s pessoas e as experi\u00eancias adquiridas com essa visita agregam bastante conhecimento para o desenvolvimento de novos projetos para o munic\u00edpio\u201d, relatou Jos\u00e9 Antonio Parimoschi.<\/p>\n\n\n\n<p>\u201cUma cidade conectada e inteligente \u00e9 um grande atrativo para novas empresas e neg\u00f3cios. Conhecer novas realidades permite que a gente amplie nossas ideias com o objetivo de gerar mais emprego e renda para a popula\u00e7\u00e3o\u201d, opinou Cristiano Lopes.<\/p>\n\n\n\n<p>Vale ressaltar que Jundia\u00ed ocupa a 6\u00b0 posi\u00e7\u00e3o no ranking nacional de cidades mais inteligentes e conectadas do Brasil, entre os munic\u00edpios na faixa de 100 a 500 mil habitantes. O ranking \u00e9 feito pela Connected Smart Cities (CSCM) \u2013 desenvolvido pela Urban Systems.<\/p>\n\n\n\n<p>A miss\u00e3o em Portugal encerra nesta sexta-feira (14). A programa\u00e7\u00e3o prev\u00ea uma visita na cidade do Porto, com o tema Desenvolvimento Econ\u00f4mico e Inova\u00e7\u00e3o Social.<\/p>\n\n\n\n<p><em><strong>(Fonte: Prefeitura de Jundia\u00ed\/Imagem: Divulga\u00e7\u00e3o)<\/strong><\/em><\/p>\n","protected":false},"excerpt":{"rendered":"<p>A miss\u00e3o em Portugal encerra nesta sexta-feira (14), com uma visita na cidade do Porto<\/p>\n","protected":false},"author":30,"featured_media":107883,"comment_status":"closed","ping_status":"0","sticky":false,"template":"","format":"standard","meta":{"footnotes":""},"categories":[8357,8356,1,2835],"tags":[],"class_list":["post-107882","post","type-post","status-publish","format-standard","has-post-thumbnail","hentry","category-gestao","category-jundiai","category-noticias","category-tecnologia"],"_links":{"self":[{"href":"https:\/\/tvtecjundiai.com.br\/news\/wp-json\/wp\/v2\/posts\/107882","targetHints":{"allow":["GET"]}}],"collection":[{"href":"https:\/\/tvtecjundiai.com.br\/news\/wp-json\/wp\/v2\/posts"}],"about":[{"href":"https:\/\/tvtecjundiai.com.br\/news\/wp-json\/wp\/v2\/types\/post"}],"author":[{"embeddable":true,"href":"https:\/\/tvtecjundiai.com.br\/news\/wp-json\/wp\/v2\/users\/30"}],"replies":[{"embeddable":true,"href":"https:\/\/tvtecjundiai.com.br\/news\/wp-json\/wp\/v2\/comments?post=107882"}],"version-history":[{"count":1,"href":"https:\/\/tvtecjundiai.com.br\/news\/wp-json\/wp\/v2\/posts\/107882\/revisions"}],"predecessor-version":[{"id":107884,"href":"https:\/\/tvtecjundiai.com.br\/news\/wp-json\/wp\/v2\/posts\/107882\/revisions\/107884"}],"wp:featuredmedia":[{"embeddable":true,"href":"https:\/\/tvtecjundiai.com.br\/news\/wp-json\/wp\/v2\/media\/107883"}],"wp:attachment":[{"href":"https:\/\/tvtecjundiai.com.br\/news\/wp-json\/wp\/v2\/media?parent=107882"}],"wp:term":[{"taxonomy":"category","embeddable":true,"href":"https:\/\/tvtecjundiai.com.br\/news\/wp-json\/wp\/v2\/categories?post=107882"},{"taxonomy":"post_tag","embeddable":true,"href":"https:\/\/tvtecjundiai.com.br\/news\/wp-json\/wp\/v2\/tags?post=107882"}],"curies":[{"name":"wp","href":"https:\/\/api.w.org\/{rel}","templated":true}]}}