{"id":107895,"date":"2023-04-14T14:41:38","date_gmt":"2023-04-14T17:41:38","guid":{"rendered":"https:\/\/tvtecjundiai.com.br\/news\/?p=107895"},"modified":"2023-04-14T14:41:39","modified_gmt":"2023-04-14T17:41:39","slug":"numeros-de-rifa-de-dia-das-maes-do-grendacc-estao-a-venda","status":"publish","type":"post","link":"https:\/\/tvtecjundiai.com.br\/news\/2023\/04\/14\/numeros-de-rifa-de-dia-das-maes-do-grendacc-estao-a-venda\/","title":{"rendered":"N\u00fameros de rifa de Dia das M\u00e3es do Grendacc est\u00e3o \u00e0 venda"},"content":{"rendered":"\n<p>Est\u00e3o \u00e0 venda os n\u00fameros da Rifa de Dias das M\u00e3es do Grendacc Jundia\u00ed, que este ano ter\u00e1 cinco pr\u00eamios, entre eles um celular, joias e uma tela do artista pl\u00e1stico Pedro Sabi\u00e1.<\/p>\n\n\n\n<p>Quem adquirir um n\u00famero no valor de R$ 30 para concorrer aos pr\u00eamios tamb\u00e9m estar\u00e1 ajudando a institui\u00e7\u00e3o na luta contra o c\u00e2ncer infantojuvenil e contribuindo diretamente para o tratamento efetivo de 27 crian\u00e7as e adolescentes.<\/p>\n\n\n<div class=\"wp-block-image\">\n<figure class=\"aligncenter size-full\"><img loading=\"lazy\" decoding=\"async\" width=\"675\" height=\"448\" src=\"https:\/\/tvtecjundiai.com.br\/news\/wp-content\/uploads\/sites\/2\/2023\/04\/grendacc.jpg\" alt=\"\" class=\"wp-image-107896\" srcset=\"https:\/\/tvtecjundiai.com.br\/news\/wp-content\/uploads\/sites\/2\/2023\/04\/grendacc.jpg 675w, https:\/\/tvtecjundiai.com.br\/news\/wp-content\/uploads\/sites\/2\/2023\/04\/grendacc-300x199.jpg 300w\" sizes=\"auto, (max-width: 675px) 100vw, 675px\" \/><\/figure>\n<\/div>\n\n\n<p><\/p>\n\n\n\n<p>Os n\u00fameros ser\u00e3o vendidos at\u00e9 o dia 4 de maio e o sorteio ser\u00e1 no dia 5, pelo site\u00a0<a href=\"http:\/\/www.sorteador.com.br\/\">www.sorteador.com.br<\/a><br>Cada n\u00famero d\u00e1 direito a cinco pr\u00eamios:<\/p>\n\n\n\n<p>1\u00ba lugar \u2013 Um celular Galaxy A03 Sansung;<br>2\u00ba lugar \u2013 Uma tela (45cm por 1m) do artista pl\u00e1stico Pedro Sabi\u00e1;<br>3\u00ba lugar \u2013 Duas joias \u2013 1 pingente de ouro 18k com top\u00e1zio azul natural e 1 brinco com cristal pedra da lua, p\u00e9rola, top\u00e1zio azul e ouro;<br>4\u00ba lugar \u2013 Um voucher no valor de R$ 150 para consumo no restaurante De V\u00f3;<br>5\u00ba lugar \u2013 Um voucher no valor de R$ 150 em compras na loja Klaus Biju.<\/p>\n\n\n\n<p>Os pr\u00eamios devem ser retirados no Grendacc de 8 de maio at\u00e9 9 de junho (ap\u00f3s este per\u00edodo, eles ser\u00e3o revertidos para a institui\u00e7\u00e3o).<\/p>\n\n\n\n<p><strong>Os n\u00fameros est\u00e3o \u00e0 venda:<\/strong><\/p>\n\n\n\n<ul class=\"wp-block-list\">\n<li>Na Central de Relacionamento com Contribuintes (telemarketing): (11) 4815-8445; WhatsApp (11) 98919-4635;<br>No setor de Recursos e Relacionamentos: (11) 4815-8440 ramais 8510 e 8502; WhatsApp (11) 98911-9986;<\/li>\n\n\n\n<li>No Bazar Permanente do Grendacc, localizado na avenida Dr. Manoel Ildefonso Archer de Castilho, 300, Parque da Represa.<\/li>\n<\/ul>\n\n\n\n<p><strong><em>(Fonte: Grendacc Jundia\u00ed\/Imagem: Divulga\u00e7\u00e3o)<\/em><\/strong><\/p>\n","protected":false},"excerpt":{"rendered":"<p>Entre os pr\u00eamios est\u00e3o celular, joias e uma tela do artista pl\u00e1stico Pedro Sabi\u00e1<\/p>\n","protected":false},"author":30,"featured_media":107896,"comment_status":"closed","ping_status":"0","sticky":false,"template":"","format":"standard","meta":{"footnotes":""},"categories":[8356,1],"tags":[],"class_list":["post-107895","post","type-post","status-publish","format-standard","has-post-thumbnail","hentry","category-jundiai","category-noticias"],"_links":{"self":[{"href":"https:\/\/tvtecjundiai.com.br\/news\/wp-json\/wp\/v2\/posts\/107895","targetHints":{"allow":["GET"]}}],"collection":[{"href":"https:\/\/tvtecjundiai.com.br\/news\/wp-json\/wp\/v2\/posts"}],"about":[{"href":"https:\/\/tvtecjundiai.com.br\/news\/wp-json\/wp\/v2\/types\/post"}],"author":[{"embeddable":true,"href":"https:\/\/tvtecjundiai.com.br\/news\/wp-json\/wp\/v2\/users\/30"}],"replies":[{"embeddable":true,"href":"https:\/\/tvtecjundiai.com.br\/news\/wp-json\/wp\/v2\/comments?post=107895"}],"version-history":[{"count":1,"href":"https:\/\/tvtecjundiai.com.br\/news\/wp-json\/wp\/v2\/posts\/107895\/revisions"}],"predecessor-version":[{"id":107897,"href":"https:\/\/tvtecjundiai.com.br\/news\/wp-json\/wp\/v2\/posts\/107895\/revisions\/107897"}],"wp:featuredmedia":[{"embeddable":true,"href":"https:\/\/tvtecjundiai.com.br\/news\/wp-json\/wp\/v2\/media\/107896"}],"wp:attachment":[{"href":"https:\/\/tvtecjundiai.com.br\/news\/wp-json\/wp\/v2\/media?parent=107895"}],"wp:term":[{"taxonomy":"category","embeddable":true,"href":"https:\/\/tvtecjundiai.com.br\/news\/wp-json\/wp\/v2\/categories?post=107895"},{"taxonomy":"post_tag","embeddable":true,"href":"https:\/\/tvtecjundiai.com.br\/news\/wp-json\/wp\/v2\/tags?post=107895"}],"curies":[{"name":"wp","href":"https:\/\/api.w.org\/{rel}","templated":true}]}}