{"id":107907,"date":"2023-04-14T17:18:16","date_gmt":"2023-04-14T20:18:16","guid":{"rendered":"https:\/\/tvtecjundiai.com.br\/news\/?p=107907"},"modified":"2023-04-14T17:18:17","modified_gmt":"2023-04-14T20:18:17","slug":"em-maio-fundo-social-oferecera-oito-novas-turmas","status":"publish","type":"post","link":"https:\/\/tvtecjundiai.com.br\/news\/2023\/04\/14\/em-maio-fundo-social-oferecera-oito-novas-turmas\/","title":{"rendered":"Em maio, Fundo Social oferecer\u00e1 oito novas turmas"},"content":{"rendered":"\n<p>O Fundo Social de Solidariedade de Jundia\u00ed (Funss) abre, segunda-feira (17), \u00e0s 9h, a pr\u00e9-inscri\u00e7\u00e3o on-line para oito novas turmas em diferentes cursos gratuitos.&nbsp;A idade m\u00ednima exigida \u00e9 de 16 anos completos. Tamb\u00e9m \u00e9 preciso ser morador de Jundia\u00ed e ter o Ensino Fundamental. Especificamente para a Oficina de Boneca de Pano \u00e9 necess\u00e1rio saber costurar em m\u00e1quina caseira.<\/p>\n\n\n\n<p>Para participar, \u00e9 necess\u00e1rio acessar o&nbsp;<em>link<\/em>&nbsp;referente \u00e0 turma pretendida e preencher o Formul\u00e1rio Google. O crit\u00e9rio de sele\u00e7\u00e3o e forma\u00e7\u00e3o das turmas \u00e9 a ordem de envio destas informa\u00e7\u00f5es, que considera hora, minuto e segundo. Confira mais informa\u00e7\u00f5es, abaixo:<\/p>\n\n\n\n<figure class=\"wp-block-image size-large\"><img loading=\"lazy\" decoding=\"async\" width=\"1200\" height=\"800\" src=\"https:\/\/tvtecjundiai.com.br\/news\/wp-content\/uploads\/sites\/2\/2023\/04\/maquiagem-profissional-nivel-basico-1-1200x800.jpg\" alt=\"\" class=\"wp-image-107908\" srcset=\"https:\/\/tvtecjundiai.com.br\/news\/wp-content\/uploads\/sites\/2\/2023\/04\/maquiagem-profissional-nivel-basico-1-1200x800.jpg 1200w, https:\/\/tvtecjundiai.com.br\/news\/wp-content\/uploads\/sites\/2\/2023\/04\/maquiagem-profissional-nivel-basico-1-300x200.jpg 300w, https:\/\/tvtecjundiai.com.br\/news\/wp-content\/uploads\/sites\/2\/2023\/04\/maquiagem-profissional-nivel-basico-1-768x512.jpg 768w, https:\/\/tvtecjundiai.com.br\/news\/wp-content\/uploads\/sites\/2\/2023\/04\/maquiagem-profissional-nivel-basico-1.jpg 1280w\" sizes=\"auto, (max-width: 1200px) 100vw, 1200px\" \/><\/figure>\n\n\n\n<p><\/p>\n\n\n\n<p><strong>Manicure e Pedicure<\/strong><\/p>\n\n\n\n<p>Idade m\u00ednima: 16 anos<\/p>\n\n\n\n<p>Vagas: 20<\/p>\n\n\n\n<p>Datas: 08\/05 a 31\/05<\/p>\n\n\n\n<p>Aulas de 2\u00aa, 3\u00aa e 4\u00aa feira<\/p>\n\n\n\n<p>12 aulas<\/p>\n\n\n\n<p>Hor\u00e1rio: 8h \u00e0s 12h<\/p>\n\n\n\n<p>Local: Fundo Social de Solidariedade \u2013 Av. Dona Manoela Lacerda de Vergueiro, s\/n \u2013 Port\u00e3o 3 \u2013 Anexo ao Parque da Uva \u2013 Bairro Anhangaba\u00fa<\/p>\n\n\n\n<p><strong>Link para inscri\u00e7\u00e3o:&nbsp;<a href=\"https:\/\/forms.gle\/MCWAJhhBjEGhSD4n8\" target=\"_blank\" rel=\"noreferrer noopener\">https:\/\/forms.gle\/MCWAJhhBjEGhSD4n8<\/a><\/strong><\/p>\n\n\n\n<p><strong>Maquiagem Profissional \u2013 N\u00edvel B\u00e1sico<\/strong><\/p>\n\n\n\n<p>Idade m\u00ednima: 16 anos<\/p>\n\n\n\n<p>Vagas: 15<\/p>\n\n\n\n<p>Datas: 08\/05 a 23\/05<\/p>\n\n\n\n<p>Aulas de 2\u00aa, 3\u00aa e 4\u00aa feira<\/p>\n\n\n\n<p>8 aulas<\/p>\n\n\n\n<p>Hor\u00e1rio: 13h \u00e0s 17h<\/p>\n\n\n\n<p>Local:&nbsp;<a>Fundo Social de Solidariedade \u2013 Av. Dona Manoela Lacerda de Vergueiro, s\/n \u2013 Po<\/a><\/p>\n\n\n\n<p>rt\u00e3o 3 \u2013 Anexo ao Parque da Uva \u2013 Bairro Anhangaba\u00fa<\/p>\n\n\n\n<p><strong>Link para inscri\u00e7\u00e3o:&nbsp;<a href=\"https:\/\/forms.gle\/e3SoXPP34aoTyE9b7\" target=\"_blank\" rel=\"noreferrer noopener\">https:\/\/forms.gle\/e3SoXPP34aoTyE9b7<\/a><\/strong><\/p>\n\n\n\n<p><strong>Oficina de Boneca de Pano<\/strong><\/p>\n\n\n\n<p><strong><u>Necess\u00e1rio saber costurar em m\u00e1quina caseira<\/u><\/strong><\/p>\n\n\n\n<p>Idade m\u00ednima: 16 anos<\/p>\n\n\n\n<p>Vagas: 10<\/p>\n\n\n\n<p>Datas: 9, 16, 23 e 30\/05<\/p>\n\n\n\n<p>Aulas de 3\u00aa feira<\/p>\n\n\n\n<p>4 aulas<\/p>\n\n\n\n<p>Hor\u00e1rio: 8h \u00e0s 12h<\/p>\n\n\n\n<p>Local: Fundo Social de Solidariedade \u2013 Av. Dona Manoela Lacerda de Vergueiro, s\/n \u2013 Port\u00e3o 3 \u2013 Anexo ao Parque da Uva \u2013 Bairro Anhangaba\u00fa<\/p>\n\n\n\n<p><strong>Link para inscri\u00e7\u00e3o:&nbsp;<a href=\"https:\/\/forms.gle\/vVxuViWF9iUFiMKB6\" target=\"_blank\" rel=\"noreferrer noopener\">https:\/\/forms.gle\/vVxuViWF9iUFiMKB6<\/a><\/strong><\/p>\n\n\n\n<p><strong>Oficina de Cachecol em Tear<\/strong><\/p>\n\n\n\n<p>Idade m\u00ednima: 16 anos<\/p>\n\n\n\n<p>Vagas: 10<\/p>\n\n\n\n<p>Datas: 04, 11, 18 e 25\/05<\/p>\n\n\n\n<p>Aulas de 5\u00aa feira<\/p>\n\n\n\n<p>4 aulas<\/p>\n\n\n\n<p>Hor\u00e1rio: 8h \u00e0s 12h<\/p>\n\n\n\n<p>Local:&nbsp;<a>Fundo Social de Solidariedade \u2013 Av. Dona Manoela Lacerda de Vergueiro, s\/n \u2013 Port\u00e3o 3 \u2013 Anexo ao Parque da Uva \u2013 Bairro Anhangaba\u00fa<\/a><a><\/a><\/p>\n\n\n\n<p><strong>Link para inscri\u00e7\u00e3o:&nbsp;<\/strong><a href=\"https:\/\/forms.gle\/ENryafi7eX1khahbA\" target=\"_blank\" rel=\"noreferrer noopener\"><strong>https:\/\/forms.gle\/ENryafi7eX1khahbA<\/strong><\/a><\/p>\n\n\n\n<p><strong>Panifica\u00e7\u00e3o B\u00e1sica \u2013 Turma 1 (segunda e quarta-feira)<\/strong><\/p>\n\n\n\n<p>Idade m\u00ednima: 16 anos<\/p>\n\n\n\n<p>Vagas: 20<\/p>\n\n\n\n<p>Datas: 08\/05 a 24\/05<\/p>\n\n\n\n<p>Aulas de 2\u00aa e 4\u00aa feira<\/p>\n\n\n\n<p>6 aulas<\/p>\n\n\n\n<p>Hor\u00e1rio: 18h \u00e0s 22h<\/p>\n\n\n\n<p>Local: Fundo Social de Solidariedade \u2013 Av. Dona Manoela Lacerda de Vergueiro, s\/n \u2013 Port\u00e3o 3 \u2013 Anexo ao Parque da Uva \u2013 Bairro Anhangaba\u00fa<\/p>\n\n\n\n<p><a><strong>Link para inscri\u00e7\u00e3o:&nbsp;<\/strong><\/a><a href=\"https:\/\/forms.gle\/d2sUZTNWbCqSXXKH7\" target=\"_blank\" rel=\"noreferrer noopener\"><strong>https:\/\/forms.gle\/d2sUZTNWbCqSXXKH7<\/strong><\/a><\/p>\n\n\n\n<p><strong>Panifica\u00e7\u00e3o B\u00e1sica \u2013 Turma 2 (ter\u00e7a e quinta-feira)<\/strong><\/p>\n\n\n\n<p>Idade m\u00ednima: 16 anos<\/p>\n\n\n\n<p>Vagas: 20<\/p>\n\n\n\n<p>Datas: 09\/05 a 25\/05<\/p>\n\n\n\n<p>Aulas de 3\u00aa e 5\u00aa feira<\/p>\n\n\n\n<p>6 aulas<\/p>\n\n\n\n<p>Hor\u00e1rio: 18h \u00e0s 22h<\/p>\n\n\n\n<p>Local: Fundo Social de Solidariedade \u2013 Av. Dona Manoela Lacerda de Vergueiro, s\/n \u2013 Port\u00e3o 3 \u2013 Anexo ao Parque da Uva \u2013 Bairro Anhangaba\u00fa<\/p>\n\n\n\n<p><strong>Link para inscri\u00e7\u00e3o:&nbsp;<a href=\"https:\/\/forms.gle\/zdZPruRMHTnYc6XD9\" target=\"_blank\" rel=\"noreferrer noopener\">https:\/\/forms.gle\/zdZPruRMHTnYc6XD9<\/a><\/strong><\/p>\n\n\n\n<p><strong>Designer de Sobrancelha<\/strong><\/p>\n\n\n\n<p>Idade m\u00ednima: 16 anos<\/p>\n\n\n\n<p>Vagas: 20<\/p>\n\n\n\n<p>Datas: 08\/05 a 31\/05<\/p>\n\n\n\n<p>Aulas de 2\u00aa e 4\u00aa feira<\/p>\n\n\n\n<p>8 aulas<\/p>\n\n\n\n<p>Hor\u00e1rio: 8h \u00e0s 12h<\/p>\n\n\n\n<p>Local: Fundo Social de Solidariedade \u2013 Av. Dona Manoela Lacerda de Vergueiro, s\/n \u2013 Port\u00e3o 3 \u2013 Anexo ao Parque da Uva \u2013 Bairro Anhangaba\u00fa<\/p>\n\n\n\n<p><strong>Link para inscri\u00e7\u00e3o:&nbsp;<a href=\"https:\/\/forms.gle\/5TfPyCvZ8TDrdSRB7\" target=\"_blank\" rel=\"noreferrer noopener\">https:\/\/forms.gle\/5TfPyCvZ8TDrdSRB7<\/a><\/strong><\/p>\n\n\n\n<p><strong>Auxiliar de Cabeleireiro<\/strong><\/p>\n\n\n\n<p>Idade m\u00ednima: 16 anos<\/p>\n\n\n\n<p>Vagas: 20<\/p>\n\n\n\n<p>Datas: 08\/05 a 31\/05<\/p>\n\n\n\n<p>Aulas de 2\u00aa, 3\u00aa e 4\u00aa feira<\/p>\n\n\n\n<p>12 aulas<\/p>\n\n\n\n<p>Hor\u00e1rio: 18h \u00e0s 22h<\/p>\n\n\n\n<p>Local: Fundo Social de Solidariedade \u2013 Av. Dona Manoela Lacerda de Vergueiro, s\/n \u2013 Port\u00e3o 3 \u2013 Anexo ao Parque da Uva \u2013 Bairro Anhangaba\u00fa<\/p>\n\n\n\n<p><a><strong>Link para inscri\u00e7\u00e3o:<\/strong><\/a><strong>&nbsp;<a href=\"https:\/\/forms.gle\/Kjc6yQ3JWn13cTGx8\" target=\"_blank\" rel=\"noreferrer noopener\">https:\/\/forms.gle\/Kjc6yQ3JWn13cTGx8<\/a><\/strong><\/p>\n\n\n\n<p>Os nomes dos selecionados ser\u00e3o divulgados no site da Prefeitura de Jundia\u00ed e dados detalhados ser\u00e3o repassados por meio do contato de WhatsApp informado no ato da pr\u00e9-inscri\u00e7\u00e3o. As fichas n\u00e3o contempladas est\u00e3o, automaticamente, na lista de espera e poder\u00e3o ser convocadas somente em caso de desist\u00eancia.\u00a0O endere\u00e7o do Fundo Social \u00e9 o Parque da Uva. O acesso \u00e9 pela avenida Dona Manoela Lacerda de Vergueiro, s\/n, port\u00e3o 03, bairro Anhangaba\u00fa. O funcionamento da unidade \u00e9 de segunda a sexta-feira, das 8h \u00e0s 17h, exceto feriados. Informa\u00e7\u00f5es pelos telefones (11) 4589-6319, 4589-6320.<\/p>\n\n\n\n<p><em><strong>(Fonte\/Imagem: Prefeitura de Jundia\u00ed)<\/strong><\/em><\/p>\n","protected":false},"excerpt":{"rendered":"<p>A idade m\u00ednima exigida \u00e9 de 16 anos completos.<\/p>\n","protected":false},"author":30,"featured_media":107908,"comment_status":"closed","ping_status":"0","sticky":false,"template":"","format":"standard","meta":{"footnotes":""},"categories":[2832,8356,1],"tags":[],"class_list":["post-107907","post","type-post","status-publish","format-standard","has-post-thumbnail","hentry","category-cursos","category-jundiai","category-noticias"],"_links":{"self":[{"href":"https:\/\/tvtecjundiai.com.br\/news\/wp-json\/wp\/v2\/posts\/107907","targetHints":{"allow":["GET"]}}],"collection":[{"href":"https:\/\/tvtecjundiai.com.br\/news\/wp-json\/wp\/v2\/posts"}],"about":[{"href":"https:\/\/tvtecjundiai.com.br\/news\/wp-json\/wp\/v2\/types\/post"}],"author":[{"embeddable":true,"href":"https:\/\/tvtecjundiai.com.br\/news\/wp-json\/wp\/v2\/users\/30"}],"replies":[{"embeddable":true,"href":"https:\/\/tvtecjundiai.com.br\/news\/wp-json\/wp\/v2\/comments?post=107907"}],"version-history":[{"count":1,"href":"https:\/\/tvtecjundiai.com.br\/news\/wp-json\/wp\/v2\/posts\/107907\/revisions"}],"predecessor-version":[{"id":107909,"href":"https:\/\/tvtecjundiai.com.br\/news\/wp-json\/wp\/v2\/posts\/107907\/revisions\/107909"}],"wp:featuredmedia":[{"embeddable":true,"href":"https:\/\/tvtecjundiai.com.br\/news\/wp-json\/wp\/v2\/media\/107908"}],"wp:attachment":[{"href":"https:\/\/tvtecjundiai.com.br\/news\/wp-json\/wp\/v2\/media?parent=107907"}],"wp:term":[{"taxonomy":"category","embeddable":true,"href":"https:\/\/tvtecjundiai.com.br\/news\/wp-json\/wp\/v2\/categories?post=107907"},{"taxonomy":"post_tag","embeddable":true,"href":"https:\/\/tvtecjundiai.com.br\/news\/wp-json\/wp\/v2\/tags?post=107907"}],"curies":[{"name":"wp","href":"https:\/\/api.w.org\/{rel}","templated":true}]}}