{"id":107910,"date":"2023-04-14T17:20:13","date_gmt":"2023-04-14T20:20:13","guid":{"rendered":"https:\/\/tvtecjundiai.com.br\/news\/?p=107910"},"modified":"2023-04-14T17:20:14","modified_gmt":"2023-04-14T20:20:14","slug":"prefeitura-expande-programa-de-comunicacao-nao-violenta-nas-escolas","status":"publish","type":"post","link":"https:\/\/tvtecjundiai.com.br\/news\/2023\/04\/14\/prefeitura-expande-programa-de-comunicacao-nao-violenta-nas-escolas\/","title":{"rendered":"Prefeitura expande programa de comunica\u00e7\u00e3o n\u00e3o-violenta nas escolas"},"content":{"rendered":"\n<p>A Unidade de Gest\u00e3o de Educa\u00e7\u00e3o (UGE) prev\u00ea para 2023 a expans\u00e3o de seu programa de comunica\u00e7\u00e3o n\u00e3o-violenta, j\u00e1 iniciado no ano passado em alguns bairros da cidade. Em parceria com o Instituto Paulista de Magistrados (IPAM), a iniciativa consiste na apresenta\u00e7\u00e3o da pe\u00e7a teatral \u201cMarcas da Inf\u00e2ncia\u201d nas unidades escolares do Ensino Fundamental, a fim de incentivar entre os educadores e cuidadores respons\u00e1veis pelas crian\u00e7as a identifica\u00e7\u00e3o de viol\u00eancias f\u00edsicas, sexuais e psicol\u00f3gicas, bem como a den\u00fancia para os \u00f3rg\u00e3os respons\u00e1veis.<\/p>\n\n\n\n<p>\u201cIntegrado ao programa Escola Inovadora, esta iniciativa visa potencializar a preven\u00e7\u00e3o dos nossos alunos \u00e0s viol\u00eancias. Ela foi iniciada no ano passado, em dez unidades escolares de bairros das regi\u00f5es Oeste e Leste, atingindo cerca de seis mil alunos e suas fam\u00edlias, a partir de estudo da pediatra dr\u00aa Stela Oliveira, do Hospital Universit\u00e1rio, acerca de viol\u00eancia e isolamento social durante a pandemia. A proposta agora \u00e9 expandir e potencializar este alcance\u201d, comentou a gestora de Educa\u00e7\u00e3o, Vast\u00ed Ferrari Marques.<\/p>\n\n\n\n<p>Para marcar esta etapa de expans\u00e3o, a pe\u00e7a \u201cMarcas da Inf\u00e2ncia\u201d foi apresentada na manh\u00e3 desta sexta-feira (14), no audit\u00f3rio Elis Regina do Complexo Argos, para educadores e diretores da UGE, al\u00e9m de servidores das Unidades de Gest\u00e3o de Assist\u00eancia e Desenvolvimento Social (UGADS) e de Promo\u00e7\u00e3o da Sa\u00fade (UGPS); e com a presen\u00e7a da presidente do IPAM, dr\u00aa Herta Oliveira.<\/p>\n\n\n<div class=\"wp-block-image\">\n<figure class=\"aligncenter size-large\"><img loading=\"lazy\" decoding=\"async\" width=\"1200\" height=\"801\" src=\"https:\/\/tvtecjundiai.com.br\/news\/wp-content\/uploads\/sites\/2\/2023\/04\/teatro_marcas_da_infancia_eu-tenho-voz_argos_m_-88-1-1280x854-1-1200x801.jpg\" alt=\"\" class=\"wp-image-107911\" srcset=\"https:\/\/tvtecjundiai.com.br\/news\/wp-content\/uploads\/sites\/2\/2023\/04\/teatro_marcas_da_infancia_eu-tenho-voz_argos_m_-88-1-1280x854-1-1200x801.jpg 1200w, https:\/\/tvtecjundiai.com.br\/news\/wp-content\/uploads\/sites\/2\/2023\/04\/teatro_marcas_da_infancia_eu-tenho-voz_argos_m_-88-1-1280x854-1-300x200.jpg 300w, https:\/\/tvtecjundiai.com.br\/news\/wp-content\/uploads\/sites\/2\/2023\/04\/teatro_marcas_da_infancia_eu-tenho-voz_argos_m_-88-1-1280x854-1-768x512.jpg 768w, https:\/\/tvtecjundiai.com.br\/news\/wp-content\/uploads\/sites\/2\/2023\/04\/teatro_marcas_da_infancia_eu-tenho-voz_argos_m_-88-1-1280x854-1.jpg 1280w\" sizes=\"auto, (max-width: 1200px) 100vw, 1200px\" \/><figcaption class=\"wp-element-caption\">Pe\u00e7a com os atores da companhia Narrar de Teatro incentiva a identifica\u00e7\u00e3o e den\u00fancia de viol\u00eancia contra crian\u00e7as e adolescentes<\/figcaption><\/figure>\n<\/div>\n\n\n<p>\u201cJundia\u00ed foi o primeiro Munic\u00edpio que permitiu que o projeto se tronasse realidade da forma como ele havia sido idealizado. Aqui vimos acolhimento e comprometimento e, por isso, agradecemos a ades\u00e3o de toda a equipe da UGE\u201d, elogiou a magistrada e que, ao final da apresenta\u00e7\u00e3o, tamb\u00e9m compartilhou dados e pesquisas aos participantes.<\/p>\n\n\n\n<p>Apresentada pelos atores da companhia Narrar de Teatro, \u201cMarcas da Inf\u00e2ncia\u201d faz parte do projeto \u201cEu tenho voz contra o abuso sexual de crian\u00e7as e adolescentes\u201d do IPAM e que j\u00e1 foi vista por mais de 50 mil expectadores.<\/p>\n\n\n\n<p>Por meio de m\u00fasicas e brincadeiras, a pe\u00e7a traz o olhar de quatro personagens crian\u00e7as que, enquanto trazem ao p\u00fablico o resgate de mem\u00f3rias e de brincadeiras infantis, relatam hist\u00f3rias inspiradas em epis\u00f3dios reais de viol\u00eancia f\u00edsica e sexual, compartilhando ainda com a plateia as formas de identifica\u00e7\u00e3o, a import\u00e2ncia do di\u00e1logo e transmiss\u00e3o de confian\u00e7a, bem como os canais para a realiza\u00e7\u00e3o de den\u00fancia.<\/p>\n\n\n\n<p>A apresenta\u00e7\u00e3o contou ainda com a presen\u00e7a do presidente da C\u00e2mara Municipal, o vereador Antonio Carlos Albino.<\/p>\n\n\n\n<p><strong><em>(Fonte\/Imagem: Prefeitura de Jundia\u00ed)<\/em><\/strong><\/p>\n","protected":false},"excerpt":{"rendered":"<p>A iniciativa consiste na apresenta\u00e7\u00e3o da pe\u00e7a teatral \u201cMarcas da Inf\u00e2ncia\u201d <\/p>\n","protected":false},"author":30,"featured_media":107911,"comment_status":"closed","ping_status":"0","sticky":false,"template":"","format":"standard","meta":{"footnotes":""},"categories":[2828,8356,1],"tags":[],"class_list":["post-107910","post","type-post","status-publish","format-standard","has-post-thumbnail","hentry","category-educacao","category-jundiai","category-noticias"],"_links":{"self":[{"href":"https:\/\/tvtecjundiai.com.br\/news\/wp-json\/wp\/v2\/posts\/107910","targetHints":{"allow":["GET"]}}],"collection":[{"href":"https:\/\/tvtecjundiai.com.br\/news\/wp-json\/wp\/v2\/posts"}],"about":[{"href":"https:\/\/tvtecjundiai.com.br\/news\/wp-json\/wp\/v2\/types\/post"}],"author":[{"embeddable":true,"href":"https:\/\/tvtecjundiai.com.br\/news\/wp-json\/wp\/v2\/users\/30"}],"replies":[{"embeddable":true,"href":"https:\/\/tvtecjundiai.com.br\/news\/wp-json\/wp\/v2\/comments?post=107910"}],"version-history":[{"count":1,"href":"https:\/\/tvtecjundiai.com.br\/news\/wp-json\/wp\/v2\/posts\/107910\/revisions"}],"predecessor-version":[{"id":107912,"href":"https:\/\/tvtecjundiai.com.br\/news\/wp-json\/wp\/v2\/posts\/107910\/revisions\/107912"}],"wp:featuredmedia":[{"embeddable":true,"href":"https:\/\/tvtecjundiai.com.br\/news\/wp-json\/wp\/v2\/media\/107911"}],"wp:attachment":[{"href":"https:\/\/tvtecjundiai.com.br\/news\/wp-json\/wp\/v2\/media?parent=107910"}],"wp:term":[{"taxonomy":"category","embeddable":true,"href":"https:\/\/tvtecjundiai.com.br\/news\/wp-json\/wp\/v2\/categories?post=107910"},{"taxonomy":"post_tag","embeddable":true,"href":"https:\/\/tvtecjundiai.com.br\/news\/wp-json\/wp\/v2\/tags?post=107910"}],"curies":[{"name":"wp","href":"https:\/\/api.w.org\/{rel}","templated":true}]}}