{"id":107944,"date":"2023-04-16T16:39:05","date_gmt":"2023-04-16T19:39:05","guid":{"rendered":"https:\/\/tvtecjundiai.com.br\/news\/?p=107944"},"modified":"2023-04-16T16:39:11","modified_gmt":"2023-04-16T19:39:11","slug":"jardim-fepasa-recebe-varias-atividades-do-dia-mundial-do-lazer","status":"publish","type":"post","link":"https:\/\/tvtecjundiai.com.br\/news\/2023\/04\/16\/jardim-fepasa-recebe-varias-atividades-do-dia-mundial-do-lazer\/","title":{"rendered":"Jardim Fepasa recebe v\u00e1rias atividades do Dia Mundial do Lazer"},"content":{"rendered":"\n<p><\/p>\n\n\n\n<p>O domingo (16) foi de muita divers\u00e3o, lazer e fam\u00edlia reunida no Jardim Fepasa. Pessoas de todas as idades aproveitaram a programa\u00e7\u00e3o em comemora\u00e7\u00e3o ao Dia Mundial do Lazer, realizada pela Prefeitura de Jundia\u00ed em parceria com o SESC Jundia\u00ed.<\/p>\n\n\n\n<p>Atividades como t\u00eanis de mesa, oficina de discotecagem, aulas de hip hop, pebolim humano e apresenta\u00e7\u00f5es art\u00edsticas marcaram o domingo ensolarado. Toda a programa\u00e7\u00e3o foi pensada em conjunto pela Rede Jundia\u00ed de Coopera\u00e7\u00e3o, com o SESC Jundia\u00ed e os moradores do bairro. Em linha com o Programa Cidade das Crian\u00e7as, os pequenos ainda se divertiram bastante com o Espa\u00e7o de Brincar, resgatando brincadeiras de rua, como a peteca e o ioi\u00f4.<\/p>\n\n\n\n<figure class=\"wp-block-image\"><img decoding=\"async\" src=\"https:\/\/jundiai.sp.gov.br\/noticias\/wp-content\/uploads\/sites\/32\/2023\/04\/dia_mundial_lazer_jardim_fepasa_sesc_prefeitura_pa-12-1280x854.jpg\" alt=\"\" class=\"wp-image-315296\" \/><figcaption class=\"wp-element-caption\">Crian\u00e7as se divertiram com brincadeiras de rua<\/figcaption><\/figure>\n\n\n\n<p>\u201cA Prefeitura de Jundia\u00ed, atrav\u00e9s do nosso prefeito Luiz Fernando Machado, investe muito nas pol\u00edticas p\u00fablicas voltadas para a qualidade de vida das pessoas, principalmente para as crian\u00e7as. E a inten\u00e7\u00e3o \u00e9 descentralizar as atividades e levar o lazer para os bairros, como aqui no Jardim Fepasa. E sempre pensando as atividades em conjunto com a comunidade\u201d, afirmou o gestor de Esporte e Lazer de Jundia\u00ed, Lu\u00eds Cl\u00e1udio Tarallo.<\/p>\n\n\n\n<p>O pebolim humano foi uma das atividades mais concorridas. Aos 13 anos, o jovem Jo\u00e3o Pedro Oliveira Almeida se arriscou como goleiro. \u201cA gente gostou muito dessas brincadeiras. Todo mundo aqui do bairro est\u00e1 aproveitando\u201d.<\/p>\n\n\n\n<figure class=\"wp-block-image\"><img decoding=\"async\" src=\"https:\/\/jundiai.sp.gov.br\/noticias\/wp-content\/uploads\/sites\/32\/2023\/04\/dia_mundial_lazer_jardim_fepasa_sesc_prefeitura_pa-3-1280x854.jpg\" alt=\"\" class=\"wp-image-315298\" \/><figcaption class=\"wp-element-caption\">Grupo Baque Delas levou o som do maracatu<\/figcaption><\/figure>\n\n\n\n<p>Na m\u00fasica, o maracatu e o hip hop contagiaram os moradores. \u201cO maracatu vem das comunidades. \u00c9 uma cultura ancestral, por isso ele tem de estar em contato com as pessoas e com a rua, que \u00e9 o lugar do maracatu\u201d, lembrou a percussionista Mariana Bernardon, uma das integrantes do grupo Baque Delas, formado por mulheres.<\/p>\n\n\n\n<p>O Dia Mundial do Lazer \u00e9 uma iniciativa global que tem como objetivo refor\u00e7ar o lazer como um direito social e alertar para a sua import\u00e2ncia no dia a dia das pessoas. Pa\u00edses como Canad\u00e1, China, Espanha e Hungria tamb\u00e9m aderiram \u00e0 data. \u201cEssa parceria do SESC com a Prefeitura \u00e9 muito importante, principalmente aqui no Jardim Fepasa, que \u00e9 vizinho da Unidade. A miss\u00e3o do SESC \u00e9 levar bem-estar e acesso \u00e0 cultura tamb\u00e9m para o entorno. Aqui \u00e9 um elemento fundamental da nossa miss\u00e3o\u201d, disse o gerente da unidade do SESC Jundia\u00ed, Wagner Castro (Gueto).<\/p>\n\n\n\n<figure class=\"wp-block-image\"><img decoding=\"async\" src=\"https:\/\/jundiai.sp.gov.br\/noticias\/wp-content\/uploads\/sites\/32\/2023\/04\/dia_mundial_lazer_jardim_fepasa_sesc_prefeitura_pa-30-1280x854.jpg\" alt=\"\" class=\"wp-image-315300\" \/><figcaption class=\"wp-element-caption\">A\u00e7\u00e3o do Dia Mundial do Lazer foi realizada pela Prefeitura em parceria com o SESC Jundia\u00ed<\/figcaption><\/figure>\n\n\n\n<p><strong><em>(Fonte\/Imagem: Prefeitura de Jundia\u00ed)<\/em><\/strong><\/p>\n","protected":false},"excerpt":{"rendered":"<p>O domingo (16) foi de muita divers\u00e3o, lazer e fam\u00edlia reunida no Jardim Fepasa. Pessoas de todas as idades aproveitaram a programa\u00e7\u00e3o em comemora\u00e7\u00e3o ao Dia Mundial do Lazer, realizada pela Prefeitura de Jundia\u00ed em parceria com o SESC Jundia\u00ed<\/p>\n","protected":false},"author":31,"featured_media":107945,"comment_status":"closed","ping_status":"0","sticky":false,"template":"","format":"standard","meta":{"footnotes":""},"categories":[1],"tags":[],"class_list":["post-107944","post","type-post","status-publish","format-standard","has-post-thumbnail","hentry","category-noticias"],"_links":{"self":[{"href":"https:\/\/tvtecjundiai.com.br\/news\/wp-json\/wp\/v2\/posts\/107944","targetHints":{"allow":["GET"]}}],"collection":[{"href":"https:\/\/tvtecjundiai.com.br\/news\/wp-json\/wp\/v2\/posts"}],"about":[{"href":"https:\/\/tvtecjundiai.com.br\/news\/wp-json\/wp\/v2\/types\/post"}],"author":[{"embeddable":true,"href":"https:\/\/tvtecjundiai.com.br\/news\/wp-json\/wp\/v2\/users\/31"}],"replies":[{"embeddable":true,"href":"https:\/\/tvtecjundiai.com.br\/news\/wp-json\/wp\/v2\/comments?post=107944"}],"version-history":[{"count":1,"href":"https:\/\/tvtecjundiai.com.br\/news\/wp-json\/wp\/v2\/posts\/107944\/revisions"}],"predecessor-version":[{"id":107946,"href":"https:\/\/tvtecjundiai.com.br\/news\/wp-json\/wp\/v2\/posts\/107944\/revisions\/107946"}],"wp:featuredmedia":[{"embeddable":true,"href":"https:\/\/tvtecjundiai.com.br\/news\/wp-json\/wp\/v2\/media\/107945"}],"wp:attachment":[{"href":"https:\/\/tvtecjundiai.com.br\/news\/wp-json\/wp\/v2\/media?parent=107944"}],"wp:term":[{"taxonomy":"category","embeddable":true,"href":"https:\/\/tvtecjundiai.com.br\/news\/wp-json\/wp\/v2\/categories?post=107944"},{"taxonomy":"post_tag","embeddable":true,"href":"https:\/\/tvtecjundiai.com.br\/news\/wp-json\/wp\/v2\/tags?post=107944"}],"curies":[{"name":"wp","href":"https:\/\/api.w.org\/{rel}","templated":true}]}}