{"id":107962,"date":"2023-04-17T12:04:29","date_gmt":"2023-04-17T15:04:29","guid":{"rendered":"https:\/\/tvtecjundiai.com.br\/news\/?p=107962"},"modified":"2023-04-17T12:04:31","modified_gmt":"2023-04-17T15:04:31","slug":"fundo-social-busca-modelos-para-cursos-de-depilacao-e-alongamento-de-cilios","status":"publish","type":"post","link":"https:\/\/tvtecjundiai.com.br\/news\/2023\/04\/17\/fundo-social-busca-modelos-para-cursos-de-depilacao-e-alongamento-de-cilios\/","title":{"rendered":"Fundo Social busca modelos para cursos de depila\u00e7\u00e3o e alongamento de c\u00edlios"},"content":{"rendered":"\n<p>O Fundo Social de Solidariedade de Jundia\u00ed (Funss) disponibilizar\u00e1 vagas para pessoas interessadas em atuar como modelos nos cursos de Depila\u00e7\u00e3o e de Alongamento de C\u00edlios. A iniciativa faz parte do calend\u00e1rio de aulas pr\u00e1ticas e servir\u00e1 como treinamento para alunas matriculadas nas capacita\u00e7\u00f5es. Para participar \u00e9 necess\u00e1rio entrar em contato com o Fundo Social pelo telefone fixo para agendar e reservar.<\/p>\n\n\n<div class=\"wp-block-image\">\n<figure class=\"aligncenter size-large is-resized\"><img loading=\"lazy\" decoding=\"async\" src=\"https:\/\/tvtecjundiai.com.br\/news\/wp-content\/uploads\/sites\/2\/2023\/04\/alongamento-de-cilios-divulgacao-1200x801.jpg\" alt=\"\" class=\"wp-image-107963\" width=\"600\" height=\"400\" srcset=\"https:\/\/tvtecjundiai.com.br\/news\/wp-content\/uploads\/sites\/2\/2023\/04\/alongamento-de-cilios-divulgacao-1200x801.jpg 1200w, https:\/\/tvtecjundiai.com.br\/news\/wp-content\/uploads\/sites\/2\/2023\/04\/alongamento-de-cilios-divulgacao-300x200.jpg 300w, https:\/\/tvtecjundiai.com.br\/news\/wp-content\/uploads\/sites\/2\/2023\/04\/alongamento-de-cilios-divulgacao-768x512.jpg 768w, https:\/\/tvtecjundiai.com.br\/news\/wp-content\/uploads\/sites\/2\/2023\/04\/alongamento-de-cilios-divulgacao.jpg 1280w\" sizes=\"auto, (max-width: 600px) 100vw, 600px\" \/><\/figure>\n<\/div>\n\n\n<p><\/p>\n\n\n\n<p>A cada dia, ser\u00e3o disponibilizadas somente 10 vagas. Os atendimentos s\u00e3o gratuitos e ser\u00e3o na sede do Fundo Social, no Parque da Uva, nas datas e hor\u00e1rios a seguir:<\/p>\n\n\n\n<p><strong>Depila\u00e7\u00e3o:\u00a0<\/strong>18, 19 e 20 de abril, das 13h \u00e0s 17h.<\/p>\n\n\n\n<p><strong>Alongamento de C\u00edlios:<\/strong>\u00a020, 24, 25, 26, 27 e 28 de abril, das 8h \u00e0s 12h.<\/p>\n\n\n\n<p>O endere\u00e7o do Fundo Social \u00e9 o Parque da Uva. O acesso \u00e9 pela avenida Dona Manoela Lacerda de Vergueiro, s\/n, port\u00e3o 03, bairro Anhangaba\u00fa. O funcionamento da unidade \u00e9 de segunda a sexta-feira, das 8h \u00e0s 17h, exceto feriados. Informa\u00e7\u00f5es pelos telefones (11) 4589-6319 e 4589-6320.<\/p>\n\n\n\n<p><em><strong>(Fonte: Prefeitura de Jundia\u00ed\/Imagem: Divulga\u00e7\u00e3o)<\/strong><\/em><\/p>\n","protected":false},"excerpt":{"rendered":"<p>A iniciativa servir\u00e1 como treinamento para alunas matriculadas nas capacita\u00e7\u00f5es<\/p>\n","protected":false},"author":30,"featured_media":107963,"comment_status":"closed","ping_status":"0","sticky":false,"template":"","format":"standard","meta":{"footnotes":""},"categories":[8356,1],"tags":[],"class_list":["post-107962","post","type-post","status-publish","format-standard","has-post-thumbnail","hentry","category-jundiai","category-noticias"],"_links":{"self":[{"href":"https:\/\/tvtecjundiai.com.br\/news\/wp-json\/wp\/v2\/posts\/107962","targetHints":{"allow":["GET"]}}],"collection":[{"href":"https:\/\/tvtecjundiai.com.br\/news\/wp-json\/wp\/v2\/posts"}],"about":[{"href":"https:\/\/tvtecjundiai.com.br\/news\/wp-json\/wp\/v2\/types\/post"}],"author":[{"embeddable":true,"href":"https:\/\/tvtecjundiai.com.br\/news\/wp-json\/wp\/v2\/users\/30"}],"replies":[{"embeddable":true,"href":"https:\/\/tvtecjundiai.com.br\/news\/wp-json\/wp\/v2\/comments?post=107962"}],"version-history":[{"count":1,"href":"https:\/\/tvtecjundiai.com.br\/news\/wp-json\/wp\/v2\/posts\/107962\/revisions"}],"predecessor-version":[{"id":107964,"href":"https:\/\/tvtecjundiai.com.br\/news\/wp-json\/wp\/v2\/posts\/107962\/revisions\/107964"}],"wp:featuredmedia":[{"embeddable":true,"href":"https:\/\/tvtecjundiai.com.br\/news\/wp-json\/wp\/v2\/media\/107963"}],"wp:attachment":[{"href":"https:\/\/tvtecjundiai.com.br\/news\/wp-json\/wp\/v2\/media?parent=107962"}],"wp:term":[{"taxonomy":"category","embeddable":true,"href":"https:\/\/tvtecjundiai.com.br\/news\/wp-json\/wp\/v2\/categories?post=107962"},{"taxonomy":"post_tag","embeddable":true,"href":"https:\/\/tvtecjundiai.com.br\/news\/wp-json\/wp\/v2\/tags?post=107962"}],"curies":[{"name":"wp","href":"https:\/\/api.w.org\/{rel}","templated":true}]}}