{"id":107969,"date":"2023-04-17T14:52:03","date_gmt":"2023-04-17T17:52:03","guid":{"rendered":"https:\/\/tvtecjundiai.com.br\/news\/?p=107969"},"modified":"2023-04-17T14:54:52","modified_gmt":"2023-04-17T17:54:52","slug":"campanha-contra-gripe-prossegue-com-ampliacao-de-publico-alvo","status":"publish","type":"post","link":"https:\/\/tvtecjundiai.com.br\/news\/2023\/04\/17\/campanha-contra-gripe-prossegue-com-ampliacao-de-publico-alvo\/","title":{"rendered":"Campanha contra gripe em Jundia\u00ed prossegue com amplia\u00e7\u00e3o de p\u00fablico-alvo"},"content":{"rendered":"\n<p>A partir desta segunda-feira (17), novos grupos, al\u00e9m das pessoas com mais de 60 anos, podem tomar a vacina contra Influenza nas Unidades B\u00e1sicas de Sa\u00fade (UBSs), Novas UBSs e Cl\u00ednicas da Fam\u00edlia. O atendimento para aplica\u00e7\u00e3o de doses contra gripe ocorre no per\u00edodo da manh\u00e3. \u00a0<\/p>\n\n\n\n<p>Esta fase da campanha inclui: crian\u00e7as de 6 meses a menores de 6 anos (5 anos, 11 meses e 29 dias), trabalhadores da sa\u00fade, gestantes, pu\u00e9rperas, professores do ensino b\u00e1sico a superior, povos ind\u00edgenas, profissionais das for\u00e7as de seguran\u00e7a e salvamento, profissionais das for\u00e7as armadas, pessoas com defici\u00eancia permanente, caminhoneiros, trabalhadores de transporte coletivo rodovi\u00e1rio para passageiros urbano e de longo curso, trabalhadores portu\u00e1rios, funcion\u00e1rios do sistema prisional e pessoas portadoras de doen\u00e7as cr\u00f4nicas n\u00e3o transmiss\u00edveis e outras condi\u00e7\u00f5es cl\u00ednicas especiais.<\/p>\n\n\n<div class=\"wp-block-image\">\n<figure class=\"aligncenter size-large is-resized\"><img loading=\"lazy\" decoding=\"async\" src=\"https:\/\/tvtecjundiai.com.br\/news\/wp-content\/uploads\/sites\/2\/2023\/04\/vacinacao_gripe_idoso_m_-8-1-1280x854-1-1200x801.jpg\" alt=\"\" class=\"wp-image-107972\" width=\"790\" height=\"527\" srcset=\"https:\/\/tvtecjundiai.com.br\/news\/wp-content\/uploads\/sites\/2\/2023\/04\/vacinacao_gripe_idoso_m_-8-1-1280x854-1-1200x801.jpg 1200w, https:\/\/tvtecjundiai.com.br\/news\/wp-content\/uploads\/sites\/2\/2023\/04\/vacinacao_gripe_idoso_m_-8-1-1280x854-1-300x200.jpg 300w, https:\/\/tvtecjundiai.com.br\/news\/wp-content\/uploads\/sites\/2\/2023\/04\/vacinacao_gripe_idoso_m_-8-1-1280x854-1-768x512.jpg 768w, https:\/\/tvtecjundiai.com.br\/news\/wp-content\/uploads\/sites\/2\/2023\/04\/vacinacao_gripe_idoso_m_-8-1-1280x854-1.jpg 1280w\" sizes=\"auto, (max-width: 790px) 100vw, 790px\" \/><figcaption class=\"wp-element-caption\">A aplica\u00e7\u00e3o ocorre nos equipamentos de sa\u00fade no per\u00edodo da manh\u00e3<\/figcaption><\/figure>\n<\/div>\n\n\n<p>\u00c9 necess\u00e1rio apresentar documento pessoal de identifica\u00e7\u00e3o e documento que comprove a condi\u00e7\u00e3o (registro profissional, receita m\u00e9dica, exame e prescri\u00e7\u00e3o m\u00e9dica com CID). O atendimento segue o hor\u00e1rio das salas de vacina dos equipamentos de sa\u00fade.<\/p>\n\n\n\n<p>A Unidade de Gest\u00e3o de Promo\u00e7\u00e3o da Sa\u00fade (UGPS) tamb\u00e9m realiza agendamento, no site da<a href=\"https:\/\/vacina.jundiai.sp.gov.br\/agendamento\/?rand=277296312674\">&nbsp;Prefeitura<\/a>&nbsp;e no&nbsp;<a href=\"https:\/\/jundiai.sp.gov.br\/aplicativo-prefeitura-de-jundiai\/\">APP Jundia\u00ed<\/a>, para pessoas com mais de 60 anos que queiram receber a vacina em sistema drive-thru. A aplica\u00e7\u00e3o ser\u00e1 entre ter\u00e7a (18) e quinta-feira (20), no Parque da Uva, das 17h \u00e0s 20h30.<\/p>\n\n\n\n<p><strong>Demais vacinas<\/strong><br>Jundia\u00ed tamb\u00e9m prossegue com a campanha contra Covid-19 para crian\u00e7as, adolescentes e adultos. As doses e as vacinas de rotina permanecem dispon\u00edveis nas UBSs, Novas UBSs e Cl\u00ednicas da Fam\u00edlia, no per\u00edodo da tarde.<\/p>\n\n\n\n<p><a href=\"https:\/\/jundiai.sp.gov.br\/saude\/rede-de-atendimento\/rede-completa-de-atendimento\/\">CONFIRA OS ENDERE\u00c7OS<\/a><\/p>\n\n\n\n<p><strong><em>(Fonte\/Imagem: Prefeitura de Jundia\u00ed)<\/em><\/strong><\/p>\n","protected":false},"excerpt":{"rendered":"<p>A aplica\u00e7\u00e3o ocorre nos equipamentos de sa\u00fade no per\u00edodo da manh\u00e3<\/p>\n","protected":false},"author":30,"featured_media":107972,"comment_status":"closed","ping_status":"0","sticky":false,"template":"","format":"standard","meta":{"footnotes":""},"categories":[8356,1,2839,8355],"tags":[],"class_list":["post-107969","post","type-post","status-publish","format-standard","has-post-thumbnail","hentry","category-jundiai","category-noticias","category-saude","category-saude-3"],"_links":{"self":[{"href":"https:\/\/tvtecjundiai.com.br\/news\/wp-json\/wp\/v2\/posts\/107969","targetHints":{"allow":["GET"]}}],"collection":[{"href":"https:\/\/tvtecjundiai.com.br\/news\/wp-json\/wp\/v2\/posts"}],"about":[{"href":"https:\/\/tvtecjundiai.com.br\/news\/wp-json\/wp\/v2\/types\/post"}],"author":[{"embeddable":true,"href":"https:\/\/tvtecjundiai.com.br\/news\/wp-json\/wp\/v2\/users\/30"}],"replies":[{"embeddable":true,"href":"https:\/\/tvtecjundiai.com.br\/news\/wp-json\/wp\/v2\/comments?post=107969"}],"version-history":[{"count":3,"href":"https:\/\/tvtecjundiai.com.br\/news\/wp-json\/wp\/v2\/posts\/107969\/revisions"}],"predecessor-version":[{"id":107982,"href":"https:\/\/tvtecjundiai.com.br\/news\/wp-json\/wp\/v2\/posts\/107969\/revisions\/107982"}],"wp:featuredmedia":[{"embeddable":true,"href":"https:\/\/tvtecjundiai.com.br\/news\/wp-json\/wp\/v2\/media\/107972"}],"wp:attachment":[{"href":"https:\/\/tvtecjundiai.com.br\/news\/wp-json\/wp\/v2\/media?parent=107969"}],"wp:term":[{"taxonomy":"category","embeddable":true,"href":"https:\/\/tvtecjundiai.com.br\/news\/wp-json\/wp\/v2\/categories?post=107969"},{"taxonomy":"post_tag","embeddable":true,"href":"https:\/\/tvtecjundiai.com.br\/news\/wp-json\/wp\/v2\/tags?post=107969"}],"curies":[{"name":"wp","href":"https:\/\/api.w.org\/{rel}","templated":true}]}}