{"id":107975,"date":"2023-04-17T14:54:10","date_gmt":"2023-04-17T17:54:10","guid":{"rendered":"https:\/\/tvtecjundiai.com.br\/news\/?p=107975"},"modified":"2023-04-18T09:41:32","modified_gmt":"2023-04-18T12:41:32","slug":"pedidos-de-isencao-do-iptu-para-aposentados-vao-ate-o-dia-29-de-abril","status":"publish","type":"post","link":"https:\/\/tvtecjundiai.com.br\/news\/2023\/04\/17\/pedidos-de-isencao-do-iptu-para-aposentados-vao-ate-o-dia-29-de-abril\/","title":{"rendered":"Prazo para pedidos de isen\u00e7\u00e3o do IPTU para aposentados vai at\u00e9 dia 29"},"content":{"rendered":"\n<p>O prazo para apresenta\u00e7\u00e3o do pedido de renova\u00e7\u00e3o da isen\u00e7\u00e3o do Imposto Predial Territorial Urbano (IPTU) para aposentados, pensionistas e benefici\u00e1rios do Amparo Social ao Idoso e do Amparo Social \u00e0 Pessoa Portadora de Defici\u00eancia termina no dia 29 de abril. A medida foi anunciada pela Prefeitura de Jundia\u00ed em mar\u00e7o e est\u00e1 prevista no Decreto 32.635 de 06 de mar\u00e7o de 2023.<\/p>\n\n\n\n<p>Para fazer o pedido, o contribuinte dever\u00e1 comparecer ao Poupatempo de Jundia\u00ed, localizado no Espa\u00e7o Expressa (antigo Complexo Fepasa), que fica na avenida Uni\u00e3o dos Ferrovi\u00e1rios, 1760. Ele deve estar com os seguintes documentos: c\u00f3pia do CPF e RG; c\u00f3pia do carn\u00ea de IPTU; c\u00f3pia da Matr\u00edcula do Registro de Im\u00f3veis atualizada, com no m\u00e1ximo um ano de emiss\u00e3o, escritura sem registro ou contrato de compromisso de venda e compra; procura\u00e7\u00e3o, caso a solicita\u00e7\u00e3o esteja assinada por terceiros, al\u00e9m de CPF e RG do procurador; extrato atual do pagamento do Benef\u00edcio; e comprovante de resid\u00eancia, em nome do interessado, com no m\u00e1ximo tr\u00eas meses de emiss\u00e3o. Se a pessoa for pensionista, ela ainda precisar\u00e1 de c\u00f3pia do atestado de \u00f3bito do falecido.<\/p>\n\n\n<div class=\"wp-block-image\">\n<figure class=\"aligncenter size-large is-resized\"><img loading=\"lazy\" decoding=\"async\" src=\"https:\/\/tvtecjundiai.com.br\/news\/wp-content\/uploads\/sites\/2\/2023\/04\/iptu-2023_-5-1280x854-1-1200x801.jpg\" alt=\"\" class=\"wp-image-107978\" width=\"738\" height=\"492\" srcset=\"https:\/\/tvtecjundiai.com.br\/news\/wp-content\/uploads\/sites\/2\/2023\/04\/iptu-2023_-5-1280x854-1-1200x801.jpg 1200w, https:\/\/tvtecjundiai.com.br\/news\/wp-content\/uploads\/sites\/2\/2023\/04\/iptu-2023_-5-1280x854-1-300x200.jpg 300w, https:\/\/tvtecjundiai.com.br\/news\/wp-content\/uploads\/sites\/2\/2023\/04\/iptu-2023_-5-1280x854-1-768x512.jpg 768w, https:\/\/tvtecjundiai.com.br\/news\/wp-content\/uploads\/sites\/2\/2023\/04\/iptu-2023_-5-1280x854-1.jpg 1280w\" sizes=\"auto, (max-width: 738px) 100vw, 738px\" \/><figcaption class=\"wp-element-caption\">O pedido de isen\u00e7\u00e3o do IPTU deve ser realizado no Poupatempo, localizado no Espa\u00e7o Expressa<\/figcaption><\/figure>\n<\/div>\n\n\n<p>O hor\u00e1rio de funcionamento \u00e9 de segunda a sexta-feira, das 9h \u00e0s 17h, e s\u00e1bado, das 9h \u00e0s 13h.<\/p>\n\n\n\n<p>\u201cEssa medida \u00e9 excepcional, inclusiva e procura atender \u00e0queles que n\u00e3o solicitaram a isen\u00e7\u00e3o do tributo em 2022 e perderam o benef\u00edcio neste ano. Sabemos que boa parte desses contribuintes s\u00e3o idosos e muitos deles apresentaram dificuldades para comparecer ao local do recadastramento na data prevista. Por isso, entendemos como justo o pedido de prorroga\u00e7\u00e3o\u201d, afirma o Gestor de Governo e Finan\u00e7as, Jos\u00e9 Antonio Parimoschi.<\/p>\n\n\n\n<p><strong>Mais prazos<br><\/strong>Al\u00e9m da solicita\u00e7\u00e3o do IPTU para aposentados, o m\u00eas de abril marca a \u00faltima oportunidade de quitar o tributo \u00e0 vista. At\u00e9 o dia 27 o contribuinte poder\u00e1 realizar o pagamento do imposto com 3% de desconto.<\/p>\n\n\n\n<p><strong><em>(Fonte\/Imagem: Prefeitura de Jundia\u00ed)<\/em><\/strong><\/p>\n","protected":false},"excerpt":{"rendered":"<p>O pedido de isen\u00e7\u00e3o do IPTU deve ser realizado no Poupatempo<\/p>\n","protected":false},"author":30,"featured_media":107978,"comment_status":"closed","ping_status":"0","sticky":false,"template":"","format":"standard","meta":{"footnotes":""},"categories":[2834,29,8356,1],"tags":[],"class_list":["post-107975","post","type-post","status-publish","format-standard","has-post-thumbnail","hentry","category-cidades","category-destaque","category-jundiai","category-noticias"],"_links":{"self":[{"href":"https:\/\/tvtecjundiai.com.br\/news\/wp-json\/wp\/v2\/posts\/107975","targetHints":{"allow":["GET"]}}],"collection":[{"href":"https:\/\/tvtecjundiai.com.br\/news\/wp-json\/wp\/v2\/posts"}],"about":[{"href":"https:\/\/tvtecjundiai.com.br\/news\/wp-json\/wp\/v2\/types\/post"}],"author":[{"embeddable":true,"href":"https:\/\/tvtecjundiai.com.br\/news\/wp-json\/wp\/v2\/users\/30"}],"replies":[{"embeddable":true,"href":"https:\/\/tvtecjundiai.com.br\/news\/wp-json\/wp\/v2\/comments?post=107975"}],"version-history":[{"count":6,"href":"https:\/\/tvtecjundiai.com.br\/news\/wp-json\/wp\/v2\/posts\/107975\/revisions"}],"predecessor-version":[{"id":108012,"href":"https:\/\/tvtecjundiai.com.br\/news\/wp-json\/wp\/v2\/posts\/107975\/revisions\/108012"}],"wp:featuredmedia":[{"embeddable":true,"href":"https:\/\/tvtecjundiai.com.br\/news\/wp-json\/wp\/v2\/media\/107978"}],"wp:attachment":[{"href":"https:\/\/tvtecjundiai.com.br\/news\/wp-json\/wp\/v2\/media?parent=107975"}],"wp:term":[{"taxonomy":"category","embeddable":true,"href":"https:\/\/tvtecjundiai.com.br\/news\/wp-json\/wp\/v2\/categories?post=107975"},{"taxonomy":"post_tag","embeddable":true,"href":"https:\/\/tvtecjundiai.com.br\/news\/wp-json\/wp\/v2\/tags?post=107975"}],"curies":[{"name":"wp","href":"https:\/\/api.w.org\/{rel}","templated":true}]}}