{"id":10798,"date":"2018-05-22T13:32:28","date_gmt":"2018-05-22T16:32:28","guid":{"rendered":"https:\/\/tvtecjundiai.com.br\/news\/?p=10798"},"modified":"2018-05-22T13:32:28","modified_gmt":"2018-05-22T16:32:28","slug":"programa-auxilia-no-tratamento-e-prevencao-das-dores","status":"publish","type":"post","link":"https:\/\/tvtecjundiai.com.br\/news\/2018\/05\/22\/programa-auxilia-no-tratamento-e-prevencao-das-dores\/","title":{"rendered":"Programa auxilia no tratamento e preven\u00e7\u00e3o das dores"},"content":{"rendered":"<div id=\"attachment_10799\" style=\"width: 460px\" class=\"wp-caption alignright\"><a href=\"https:\/\/tvtecjundiai.com.br\/news\/wp-content\/uploads\/sites\/2\/2018\/05\/aula-terapeutica-grupo-dor-ubs-anhangabau_c_-10.jpg\"><img loading=\"lazy\" decoding=\"async\" aria-describedby=\"caption-attachment-10799\" class=\"wp-image-10799\" src=\"https:\/\/tvtecjundiai.com.br\/news\/wp-content\/uploads\/sites\/2\/2018\/05\/aula-terapeutica-grupo-dor-ubs-anhangabau_c_-10-300x200.jpg\" alt=\"\" width=\"450\" height=\"300\" srcset=\"https:\/\/tvtecjundiai.com.br\/news\/wp-content\/uploads\/sites\/2\/2018\/05\/aula-terapeutica-grupo-dor-ubs-anhangabau_c_-10-300x200.jpg 300w, https:\/\/tvtecjundiai.com.br\/news\/wp-content\/uploads\/sites\/2\/2018\/05\/aula-terapeutica-grupo-dor-ubs-anhangabau_c_-10-768x512.jpg 768w, https:\/\/tvtecjundiai.com.br\/news\/wp-content\/uploads\/sites\/2\/2018\/05\/aula-terapeutica-grupo-dor-ubs-anhangabau_c_-10-1200x800.jpg 1200w, https:\/\/tvtecjundiai.com.br\/news\/wp-content\/uploads\/sites\/2\/2018\/05\/aula-terapeutica-grupo-dor-ubs-anhangabau_c_-10.jpg 1280w\" sizes=\"auto, (max-width: 450px) 100vw, 450px\" \/><\/a><p id=\"caption-attachment-10799\" class=\"wp-caption-text\">As aulas contar\u00e3o com parte te\u00f3rica e exerc\u00edcios que podem ser realizados em casa<\/p><\/div>\n<p>O Centro de Conviv\u00eancia, Cultura, Trabalho e Gera\u00e7\u00e3o de Renda (Cecco) est\u00e1 com inscri\u00e7\u00f5es abertas para o Programa Terap\u00eautico \u201cAl\u00edvio da Dor\u201d. As atividades ter\u00e3o in\u00edcio na primeira semana de junho e contam com abordagem ampliada em rela\u00e7\u00e3o aos grupos j\u00e1 existentes. A partir dos 10 encontros, os participantes conhecer\u00e3o todas as ofertas de atendimentos na Unidade de Gest\u00e3o de Promo\u00e7\u00e3o da Sa\u00fade (UGPS), e encerrar\u00e3o a participa\u00e7\u00e3o com o encaminhamento para a continuidade no cuidado nos grupos espec\u00edficos dispon\u00edveis pela Unidade B\u00e1sica de Sa\u00fade (UBS) que pertencem.<\/p>\n<p>\u201cDentro das propostas da reabilita\u00e7\u00e3o, estamos promovendo um programa terap\u00eautico com foco no tratamento das dores com oficinas multidisciplinares envolvendo al\u00e9m da fisioterapia e educa\u00e7\u00e3o f\u00edsica, a nutri\u00e7\u00e3o, psicologia, terapia ocupacional, farm\u00e1cia e o m\u00e9dico de refer\u00eancia da unidade\u201d, comenta a fisioterapeuta do N\u00facleo de Assist\u00eancia e Sa\u00fade da Fam\u00edlia (Nasf) Cristina Padoim. O primeiro encontro ser\u00e1 no dia 07 de junho, \u00e0s 10h, no Cecco, com 30 vagas dispon\u00edveis.<\/p>\n<p>As aulas contar\u00e3o com parte te\u00f3rica, como palestras sobre nutri\u00e7\u00e3o, alimentos pr\u00f3 e anti-inflamat\u00f3rios, al\u00e9m de exerc\u00edcios que podem ser realizados em casa, auriculoterapia, fitoter\u00e1picos e reflexologia podal. \u201cAo final do grupo, os usu\u00e1rios ser\u00e3o encaminhados para a continuidade do cuidado em sa\u00fade, a partir dos grupos ofertados na regional a que pertence\u201d, comenta.<\/p>\n<p><strong>Menos dores<\/strong><\/p>\n<p>Regina Aparecida Pagnocca, 70 anos, come\u00e7ou a participar das atividades do grupo da dor da UBS Anhangaba\u00fa, h\u00e1 tr\u00eas meses. \u201cQuando temos mais de 50 anos, precisamos manter o corpo em atividade, para evitar as dores. Comecei a participar por sentir as dores no corpo, principalmente ap\u00f3s esfor\u00e7o ou movimentos errados\u201d, conta. Ela est\u00e1 satisfeita com o resultado. \u201cPelo grupo, a gente aprende as formas corretas de se movimentar e ainda mant\u00e9m o corpo ativo\u201d, detalha.<\/p>\n<p><em>Fonte: Prefeitura de Jundia\u00ed<\/em><\/p>\n","protected":false},"excerpt":{"rendered":"<p>Inscri\u00e7\u00f5es est\u00e3o abertas no Cecco<\/p>\n","protected":false},"author":10,"featured_media":0,"comment_status":"closed","ping_status":"closed","sticky":false,"template":"","format":"standard","meta":{"footnotes":""},"categories":[2834,2839],"tags":[5,15,50,832],"class_list":["post-10798","post","type-post","status-publish","format-standard","hentry","category-cidades","category-saude","tag-jundiai","tag-tvtec","tag-ubs","tag-unidade-basica-de-saude"],"_links":{"self":[{"href":"https:\/\/tvtecjundiai.com.br\/news\/wp-json\/wp\/v2\/posts\/10798","targetHints":{"allow":["GET"]}}],"collection":[{"href":"https:\/\/tvtecjundiai.com.br\/news\/wp-json\/wp\/v2\/posts"}],"about":[{"href":"https:\/\/tvtecjundiai.com.br\/news\/wp-json\/wp\/v2\/types\/post"}],"author":[{"embeddable":true,"href":"https:\/\/tvtecjundiai.com.br\/news\/wp-json\/wp\/v2\/users\/10"}],"replies":[{"embeddable":true,"href":"https:\/\/tvtecjundiai.com.br\/news\/wp-json\/wp\/v2\/comments?post=10798"}],"version-history":[{"count":1,"href":"https:\/\/tvtecjundiai.com.br\/news\/wp-json\/wp\/v2\/posts\/10798\/revisions"}],"predecessor-version":[{"id":10800,"href":"https:\/\/tvtecjundiai.com.br\/news\/wp-json\/wp\/v2\/posts\/10798\/revisions\/10800"}],"wp:attachment":[{"href":"https:\/\/tvtecjundiai.com.br\/news\/wp-json\/wp\/v2\/media?parent=10798"}],"wp:term":[{"taxonomy":"category","embeddable":true,"href":"https:\/\/tvtecjundiai.com.br\/news\/wp-json\/wp\/v2\/categories?post=10798"},{"taxonomy":"post_tag","embeddable":true,"href":"https:\/\/tvtecjundiai.com.br\/news\/wp-json\/wp\/v2\/tags?post=10798"}],"curies":[{"name":"wp","href":"https:\/\/api.w.org\/{rel}","templated":true}]}}