{"id":108005,"date":"2023-04-18T11:45:27","date_gmt":"2023-04-18T14:45:27","guid":{"rendered":"https:\/\/tvtecjundiai.com.br\/news\/?p=108005"},"modified":"2023-05-19T10:46:53","modified_gmt":"2023-05-19T13:46:53","slug":"tvtec-e-jundiai-empreendedora-promovem-dia-mei-criativos-do-galpao-criativo","status":"publish","type":"post","link":"https:\/\/tvtecjundiai.com.br\/news\/2023\/04\/18\/tvtec-e-jundiai-empreendedora-promovem-dia-mei-criativos-do-galpao-criativo\/","title":{"rendered":"TVTEC e Jundia\u00ed Empreendedora promovem &#8216;Dia MEI Criativos&#8217;"},"content":{"rendered":"\n<p>A Funda\u00e7\u00e3o Escola TVTEC Jundia\u00ed (FTVTEC) e o Jundia\u00ed Empreendedora promovem nesta quarta-feira (19), das 9h \u00e0s 17h, o Dia Mei Criativos do Galp\u00e3o. O encontro, que ocorre na sede da TVTEC, tem como objetivo ajudar a comunidade criativa na formaliza\u00e7\u00e3o de sua empresa. Ao longo do dia os t\u00e9cnicos estar\u00e3o \u00e0 disposi\u00e7\u00e3o para sanar as d\u00favidas sobre a regulariza\u00e7\u00e3o do imposto e como o mesmo pode ser uma ferramenta importante para cada neg\u00f3cio.<\/p>\n\n\n\n<p>A superintendente da FTVTEC, M\u00f4nica Gropelo, lembra que a a\u00e7\u00e3o faz parte de um processo de qualifica\u00e7\u00e3o da incubadora de talentos do Galp\u00e3o Criativo e, formalizar sua empresa, independente do ramo, \u00e9 importante para ocupar espa\u00e7os p\u00fablicos. &#8220;Todas as orienta\u00e7\u00f5es sobre a formaliza\u00e7\u00e3o ser\u00e3o passadas aos criativos de forma clara para que entendam a import\u00e2ncia da formaliza\u00e7\u00e3o. Os t\u00e9cnicos do <span style=\"font-size: revert;color: initial\">Jundia\u00ed Empreendedora estar\u00e3o na sede da TVTEC para facilitar na abertura da MEI, importante para futuras participa\u00e7\u00f5es em espa\u00e7os p\u00fablicos, al\u00e9m de participa\u00e7\u00e3o em e<\/span>ditais o facilidade em alvar\u00e1s&#8221;, comenta. <\/p>\n\n\n\n<figure class=\"wp-block-image size-large\"><img loading=\"lazy\" decoding=\"async\" width=\"1200\" height=\"900\" src=\"https:\/\/tvtecjundiai.com.br\/news\/wp-content\/uploads\/sites\/2\/2023\/04\/monica-e-julio-1-1200x900.jpg\" alt=\"\" class=\"wp-image-108015\" srcset=\"https:\/\/tvtecjundiai.com.br\/news\/wp-content\/uploads\/sites\/2\/2023\/04\/monica-e-julio-1-1200x900.jpg 1200w, https:\/\/tvtecjundiai.com.br\/news\/wp-content\/uploads\/sites\/2\/2023\/04\/monica-e-julio-1-300x225.jpg 300w, https:\/\/tvtecjundiai.com.br\/news\/wp-content\/uploads\/sites\/2\/2023\/04\/monica-e-julio-1-768x576.jpg 768w, https:\/\/tvtecjundiai.com.br\/news\/wp-content\/uploads\/sites\/2\/2023\/04\/monica-e-julio-1.jpg 1280w\" sizes=\"auto, (max-width: 1200px) 100vw, 1200px\" \/><figcaption class=\"wp-element-caption\">O encontro acontece nesta quarta (19) com a presen\u00e7a do Jundia\u00ed Empreendedora <\/figcaption><\/figure>\n\n\n\n<p>J\u00falio C\u00e9sar Durante, do Jundia\u00ed Empreendedora, refor\u00e7a que h\u00e1 alguns passos importantes que ser\u00e3o cumpridos durante a a\u00e7\u00e3o desta quarta-feira (19), como por exemplo, orienta\u00e7\u00e3o e sensibiliza\u00e7\u00e3o sobre a import\u00e2ncia do registro (vantagens , desvantagens, benef\u00edcios e obriga\u00e7\u00f5es); verifica\u00e7\u00e3o quanto a atividade econ\u00f4mica (saber se \u00e9 permitida ao MEI e se pode ser desenvolvida em Jundia\u00ed); formaliza\u00e7\u00e3o na esfera federal (formaliza\u00e7\u00e3o na esfera federal, no portal do empreendedor para conseguir o CCMEI, CNPJ do MEI); e a licen\u00e7a municipal. <\/p>\n\n\n\n<p>&#8220;Fazemos a consulta na hora por meio do site Portal do Empreendedor e com todos os documentos em m\u00e3os o registro se torna muito f\u00e1cil. Com o registro, entre outras vantagens, h\u00e1 a seguran\u00e7a jur\u00eddica, tranquilidade para desenvolver suas atividades no munic\u00edpio, possibilidade e emiss\u00e3o de notas fiscais, permitindo com isso ampliar o n\u00famero de clientes, como a pr\u00f3pria prefeitura, comenta J\u00falio.<\/p>\n\n\n\n<p>Outras vantagens est\u00e3o na aquisi\u00e7\u00e3o de mat\u00e9rias-primas e insumos com pre\u00e7o diferenciado, prazos maiores com os fornecedores e at\u00e9 cr\u00e9dito diferenciado junto as institui\u00e7\u00f5es financeiras, especialmente Banco do Povo. &#8220;Quando falamos em formaliza\u00e7\u00e3o, tamb\u00e9m temos que lembrar dos benef\u00edcios, incluindo os previdenci\u00e1rios, como aposentadoria por idade, pens\u00e3o por morte, sal\u00e1rio maternidade e aux\u00edlio doen\u00e7a&#8221;, comenta.<\/p>\n\n\n\n<p>Entre os documentos necess\u00e1rios, capa do IPTU, do endere\u00e7o onde se pretende exercer a atividade ou o endere\u00e7o para correspond\u00eancia, al\u00e9m dos documentos pessoais. Pessoas de outros munic\u00edpios receber\u00e3o apenas orienta\u00e7\u00f5es. <\/p>\n\n\n\n<p><strong>Servi\u00e7o<\/strong><\/p>\n\n\n\n<p>Ainda em d\u00favidas do MEI? Acesse o <a href=\"https:\/\/negocios.jundiai.sp.gov.br\/apoio-ao-empreendedor\/torne-se-um-microempreendedor-individual-mei.\">Portal Jundia\u00ed Empreendedora <\/a>. Para cadastro <a href=\"https:\/\/docs.google.com\/forms\/d\/e\/1FAIpQLScGLQTWiyLuFMjceZu5RAsXh77CamvM2C2JqZwCUx5fUNNMpw\/viewform\">clicar aqui<\/a>.   <\/p>\n\n\n\n<p>Fonte: TVTEC Jundia\u00ed <\/p>\n","protected":false},"excerpt":{"rendered":"<p>Os t\u00e9cnicos estar\u00e3o \u00e0 disposi\u00e7\u00e3o para sanar as d\u00favidas sobre a regulariza\u00e7\u00e3o<\/p>\n","protected":false},"author":30,"featured_media":108022,"comment_status":"closed","ping_status":"0","sticky":false,"template":"","format":"standard","meta":{"footnotes":""},"categories":[2834,29,8408,1],"tags":[],"class_list":["post-108005","post","type-post","status-publish","format-standard","has-post-thumbnail","hentry","category-cidades","category-destaque","category-galpao-criativo","category-noticias"],"_links":{"self":[{"href":"https:\/\/tvtecjundiai.com.br\/news\/wp-json\/wp\/v2\/posts\/108005","targetHints":{"allow":["GET"]}}],"collection":[{"href":"https:\/\/tvtecjundiai.com.br\/news\/wp-json\/wp\/v2\/posts"}],"about":[{"href":"https:\/\/tvtecjundiai.com.br\/news\/wp-json\/wp\/v2\/types\/post"}],"author":[{"embeddable":true,"href":"https:\/\/tvtecjundiai.com.br\/news\/wp-json\/wp\/v2\/users\/30"}],"replies":[{"embeddable":true,"href":"https:\/\/tvtecjundiai.com.br\/news\/wp-json\/wp\/v2\/comments?post=108005"}],"version-history":[{"count":6,"href":"https:\/\/tvtecjundiai.com.br\/news\/wp-json\/wp\/v2\/posts\/108005\/revisions"}],"predecessor-version":[{"id":108032,"href":"https:\/\/tvtecjundiai.com.br\/news\/wp-json\/wp\/v2\/posts\/108005\/revisions\/108032"}],"wp:featuredmedia":[{"embeddable":true,"href":"https:\/\/tvtecjundiai.com.br\/news\/wp-json\/wp\/v2\/media\/108022"}],"wp:attachment":[{"href":"https:\/\/tvtecjundiai.com.br\/news\/wp-json\/wp\/v2\/media?parent=108005"}],"wp:term":[{"taxonomy":"category","embeddable":true,"href":"https:\/\/tvtecjundiai.com.br\/news\/wp-json\/wp\/v2\/categories?post=108005"},{"taxonomy":"post_tag","embeddable":true,"href":"https:\/\/tvtecjundiai.com.br\/news\/wp-json\/wp\/v2\/tags?post=108005"}],"curies":[{"name":"wp","href":"https:\/\/api.w.org\/{rel}","templated":true}]}}