{"id":108014,"date":"2023-04-18T11:04:47","date_gmt":"2023-04-18T14:04:47","guid":{"rendered":"https:\/\/tvtecjundiai.com.br\/news\/?p=108014"},"modified":"2023-04-18T11:04:48","modified_gmt":"2023-04-18T14:04:48","slug":"defesa-civil-de-jundiai-alerta-para-fortes-chuvas-nos-proximos-dias","status":"publish","type":"post","link":"https:\/\/tvtecjundiai.com.br\/news\/2023\/04\/18\/defesa-civil-de-jundiai-alerta-para-fortes-chuvas-nos-proximos-dias\/","title":{"rendered":"Defesa Civil de Jundia\u00ed alerta para fortes chuvas nos pr\u00f3ximos dias"},"content":{"rendered":"\n<p>A Defesa Civil de Jundia\u00ed informa que, entre ter\u00e7a (18) e quarta-feira (19), a chegada de uma frente fria pr\u00f3xima \u00e0 costa leste do estado de S\u00e3o Paulo provocar\u00e1 condi\u00e7\u00f5es para tempestades e fortes rajadas de vento que podem ultrapassar os 50km\/h na cidade.<\/p>\n\n\n\n<p>O munic\u00edpio est\u00e1 em estado de observa\u00e7\u00e3o, ou seja, com acumulado menor do que 80 mm nas \u00faltimas 72h \u2013 atualmente o acumulado \u00e9 de 6.6 mm. Por\u00e9m, como as chuvas poder\u00e3o ser volumosas, recomenda-se aten\u00e7\u00e3o \u00e0s \u00e1reas mais vulner\u00e1veis, pois n\u00e3o s\u00e3o descartados riscos de transtornos. Nenhuma ocorr\u00eancia foi registrada ap\u00f3s as chuvas desta segunda-feira (17).<\/p>\n\n\n\n<p>\u201cA Defesa Civil est\u00e1 monitorando as chuvas de forma constante e divulgado os alertas para a popula\u00e7\u00e3o. \u00c9 importante que as pessoas se protejam e evitem locais de alagamento, enxurradas e poss\u00edveis deslizamentos de terra. Al\u00e9m disso \u00e9 importante ter precau\u00e7\u00f5es com os raios\u201d, afirma o coordenador da Defesa Civil de Jundia\u00ed, coronel Jo\u00e3o Os\u00f3rio Gimenez Germano.<\/p>\n\n\n<div class=\"wp-block-image\">\n<figure class=\"aligncenter size-large is-resized\"><img loading=\"lazy\" decoding=\"async\" src=\"https:\/\/tvtecjundiai.com.br\/news\/wp-content\/uploads\/sites\/2\/2023\/04\/chuva_jundiai-5-1200x716.jpg\" alt=\"\" class=\"wp-image-108016\" width=\"706\" height=\"421\" srcset=\"https:\/\/tvtecjundiai.com.br\/news\/wp-content\/uploads\/sites\/2\/2023\/04\/chuva_jundiai-5-1200x716.jpg 1200w, https:\/\/tvtecjundiai.com.br\/news\/wp-content\/uploads\/sites\/2\/2023\/04\/chuva_jundiai-5-300x179.jpg 300w, https:\/\/tvtecjundiai.com.br\/news\/wp-content\/uploads\/sites\/2\/2023\/04\/chuva_jundiai-5-768x458.jpg 768w, https:\/\/tvtecjundiai.com.br\/news\/wp-content\/uploads\/sites\/2\/2023\/04\/chuva_jundiai-5.jpg 1260w\" sizes=\"auto, (max-width: 706px) 100vw, 706px\" \/><\/figure>\n<\/div>\n\n\n<p><\/p>\n\n\n\n<p><strong>Previs\u00e3o do tempo<\/strong><\/p>\n\n\n\n<p>Na quinta-feira (20), o tempo fica firme em grande parte do territ\u00f3rio paulista. Na sexta-feira (21), o dia ter\u00e1 predom\u00ednio de sol entre nuvens e haver\u00e1 condi\u00e7\u00f5es para pancadas de chuva nas regi\u00f5es da faixa leste do estado de SP.<\/p>\n\n\n\n<p><strong>Ligue 199<\/strong><\/p>\n\n\n\n<p>Havendo necessidade, a popula\u00e7\u00e3o pode contatar a Defesa Civil pelos n\u00fameros (11) 4586-0666 ou 199. Para obter mais orienta\u00e7\u00f5es sobre o que fazer antes, durante e ap\u00f3s o per\u00edodo de chuvas intensas e os demais tipos de desastres, est\u00e1 dispon\u00edvel o aplicativo \u201cAlerta SP\u201d para download nos sistemas Android e IOS. Alertas de risco tamb\u00e9m s\u00e3o enviados por SMS: basta enviar uma mensagem com o CEP da localidade desejada para o n\u00famero 40199.<\/p>\n\n\n\n<p><em><strong>(Fonte\/Imagem: Prefeitura de Jundia\u00ed)<\/strong><\/em><\/p>\n","protected":false},"excerpt":{"rendered":"<p>Chegada de uma frente fria provocar\u00e1 condi\u00e7\u00f5es para tempestades e rajadas de vento<\/p>\n","protected":false},"author":30,"featured_media":108016,"comment_status":"closed","ping_status":"0","sticky":false,"template":"","format":"standard","meta":{"footnotes":""},"categories":[3185,8356,1],"tags":[],"class_list":["post-108014","post","type-post","status-publish","format-standard","has-post-thumbnail","hentry","category-clima","category-jundiai","category-noticias"],"_links":{"self":[{"href":"https:\/\/tvtecjundiai.com.br\/news\/wp-json\/wp\/v2\/posts\/108014","targetHints":{"allow":["GET"]}}],"collection":[{"href":"https:\/\/tvtecjundiai.com.br\/news\/wp-json\/wp\/v2\/posts"}],"about":[{"href":"https:\/\/tvtecjundiai.com.br\/news\/wp-json\/wp\/v2\/types\/post"}],"author":[{"embeddable":true,"href":"https:\/\/tvtecjundiai.com.br\/news\/wp-json\/wp\/v2\/users\/30"}],"replies":[{"embeddable":true,"href":"https:\/\/tvtecjundiai.com.br\/news\/wp-json\/wp\/v2\/comments?post=108014"}],"version-history":[{"count":1,"href":"https:\/\/tvtecjundiai.com.br\/news\/wp-json\/wp\/v2\/posts\/108014\/revisions"}],"predecessor-version":[{"id":108017,"href":"https:\/\/tvtecjundiai.com.br\/news\/wp-json\/wp\/v2\/posts\/108014\/revisions\/108017"}],"wp:featuredmedia":[{"embeddable":true,"href":"https:\/\/tvtecjundiai.com.br\/news\/wp-json\/wp\/v2\/media\/108016"}],"wp:attachment":[{"href":"https:\/\/tvtecjundiai.com.br\/news\/wp-json\/wp\/v2\/media?parent=108014"}],"wp:term":[{"taxonomy":"category","embeddable":true,"href":"https:\/\/tvtecjundiai.com.br\/news\/wp-json\/wp\/v2\/categories?post=108014"},{"taxonomy":"post_tag","embeddable":true,"href":"https:\/\/tvtecjundiai.com.br\/news\/wp-json\/wp\/v2\/tags?post=108014"}],"curies":[{"name":"wp","href":"https:\/\/api.w.org\/{rel}","templated":true}]}}