{"id":108018,"date":"2023-04-18T11:11:15","date_gmt":"2023-04-18T14:11:15","guid":{"rendered":"https:\/\/tvtecjundiai.com.br\/news\/?p=108018"},"modified":"2023-04-18T11:11:16","modified_gmt":"2023-04-18T14:11:16","slug":"reuniao-de-monitoramento-no-paco-municipal-foca-em-projetos-prioritarios","status":"publish","type":"post","link":"https:\/\/tvtecjundiai.com.br\/news\/2023\/04\/18\/reuniao-de-monitoramento-no-paco-municipal-foca-em-projetos-prioritarios\/","title":{"rendered":"Reuni\u00e3o de Monitoramento no Pa\u00e7o Municipal foca em projetos priorit\u00e1rios"},"content":{"rendered":"\n<p>Nesta segunda-feira (17) foi realizada a tradicional Reuni\u00e3o de Monitoramento na Sala de Situa\u00e7\u00e3o do Pa\u00e7o Municipal, com foco no monitoramento dos projetos priorit\u00e1rios do governo. O encontro foi comandado pelo Gestor-Adjunto de Governo, Jones Martins, e pelo Diretor da Unidade de Entregas, Jo\u00e3o Anhesini.<\/p>\n\n\n\n<p>Alguns dos principais projetos discutidos foram os \u00faltimos detalhes para o in\u00edcio das obras de requalifica\u00e7\u00e3o da Pra\u00e7a Dom Pedro II, conhecida como Pra\u00e7a das Rosas, no Centro, al\u00e9m das atualiza\u00e7\u00f5es no Complexo Vi\u00e1rio Regi\u00e3o Sul e no Jardim do Tr\u00e2nsito, localizado no Mundo das Crian\u00e7as.<\/p>\n\n\n<div class=\"wp-block-image\">\n<figure class=\"aligncenter size-large\"><img loading=\"lazy\" decoding=\"async\" width=\"1200\" height=\"801\" src=\"https:\/\/tvtecjundiai.com.br\/news\/wp-content\/uploads\/sites\/2\/2023\/04\/reuniao-de-monitoramento-76-1280x854-1-1200x801.jpg\" alt=\"\" class=\"wp-image-108019\" srcset=\"https:\/\/tvtecjundiai.com.br\/news\/wp-content\/uploads\/sites\/2\/2023\/04\/reuniao-de-monitoramento-76-1280x854-1-1200x801.jpg 1200w, https:\/\/tvtecjundiai.com.br\/news\/wp-content\/uploads\/sites\/2\/2023\/04\/reuniao-de-monitoramento-76-1280x854-1-300x200.jpg 300w, https:\/\/tvtecjundiai.com.br\/news\/wp-content\/uploads\/sites\/2\/2023\/04\/reuniao-de-monitoramento-76-1280x854-1-768x512.jpg 768w, https:\/\/tvtecjundiai.com.br\/news\/wp-content\/uploads\/sites\/2\/2023\/04\/reuniao-de-monitoramento-76-1280x854-1.jpg 1280w\" sizes=\"auto, (max-width: 1200px) 100vw, 1200px\" \/><\/figure>\n<\/div>\n\n\n<p><\/p>\n\n\n\n<p>\u201cO foco no monitoramento dos projetos priorit\u00e1rios permite que fa\u00e7amos as entregas com mais assertividade e, consequentemente, melhore a qualidade do servi\u00e7o prestado \u00e0 popula\u00e7\u00e3o. O modelo de governan\u00e7a adotado fomenta o contato frequente entre as plataformas e proporciona maior efetividade no cumprimento das metas. \u00c9 uma metodologia de gerenciamento de projetos para tir\u00e1-los do papel\u201d, comenta Jones Martins.<\/p>\n\n\n\n<p>A reuni\u00e3o contou com a presen\u00e7a das Unidades de Gest\u00e3o de Desenvolvimento Econ\u00f4mico, Ci\u00eancia e Tecnologia (UGDECT); Agroneg\u00f3cio, Abastecimento e Turismo (UGAAT), Planejamento Urbano e Meio ambiente (UGPUMA), Infraestrutura e Servi\u00e7os P\u00fablicos (UGISP), Mobilidade e Transporte (UGMT), DAE e Fumas.<\/p>\n\n\n\n<p><strong><em>(Fonte\/Imagem: Prefeitura de Jundia\u00ed)<\/em><\/strong><\/p>\n","protected":false},"excerpt":{"rendered":"<p>O encontro foi comandado pelo Gestor-Adjunto de Governo, Jones Martins<\/p>\n","protected":false},"author":30,"featured_media":108019,"comment_status":"closed","ping_status":"0","sticky":false,"template":"","format":"standard","meta":{"footnotes":""},"categories":[8357,8356,1],"tags":[],"class_list":["post-108018","post","type-post","status-publish","format-standard","has-post-thumbnail","hentry","category-gestao","category-jundiai","category-noticias"],"_links":{"self":[{"href":"https:\/\/tvtecjundiai.com.br\/news\/wp-json\/wp\/v2\/posts\/108018","targetHints":{"allow":["GET"]}}],"collection":[{"href":"https:\/\/tvtecjundiai.com.br\/news\/wp-json\/wp\/v2\/posts"}],"about":[{"href":"https:\/\/tvtecjundiai.com.br\/news\/wp-json\/wp\/v2\/types\/post"}],"author":[{"embeddable":true,"href":"https:\/\/tvtecjundiai.com.br\/news\/wp-json\/wp\/v2\/users\/30"}],"replies":[{"embeddable":true,"href":"https:\/\/tvtecjundiai.com.br\/news\/wp-json\/wp\/v2\/comments?post=108018"}],"version-history":[{"count":1,"href":"https:\/\/tvtecjundiai.com.br\/news\/wp-json\/wp\/v2\/posts\/108018\/revisions"}],"predecessor-version":[{"id":108020,"href":"https:\/\/tvtecjundiai.com.br\/news\/wp-json\/wp\/v2\/posts\/108018\/revisions\/108020"}],"wp:featuredmedia":[{"embeddable":true,"href":"https:\/\/tvtecjundiai.com.br\/news\/wp-json\/wp\/v2\/media\/108019"}],"wp:attachment":[{"href":"https:\/\/tvtecjundiai.com.br\/news\/wp-json\/wp\/v2\/media?parent=108018"}],"wp:term":[{"taxonomy":"category","embeddable":true,"href":"https:\/\/tvtecjundiai.com.br\/news\/wp-json\/wp\/v2\/categories?post=108018"},{"taxonomy":"post_tag","embeddable":true,"href":"https:\/\/tvtecjundiai.com.br\/news\/wp-json\/wp\/v2\/tags?post=108018"}],"curies":[{"name":"wp","href":"https:\/\/api.w.org\/{rel}","templated":true}]}}