{"id":108021,"date":"2023-04-18T11:54:40","date_gmt":"2023-04-18T14:54:40","guid":{"rendered":"https:\/\/tvtecjundiai.com.br\/news\/?p=108021"},"modified":"2023-04-18T11:54:42","modified_gmt":"2023-04-18T14:54:42","slug":"mostra-paralela-leva-apresentacoes-do-enredanca-ate-os-bairros-de-jundiai","status":"publish","type":"post","link":"https:\/\/tvtecjundiai.com.br\/news\/2023\/04\/18\/mostra-paralela-leva-apresentacoes-do-enredanca-ate-os-bairros-de-jundiai\/","title":{"rendered":"Mostra Paralela leva apresenta\u00e7\u00f5es do Enredan\u00e7a at\u00e9 os bairros de Jundia\u00ed"},"content":{"rendered":"\n<p>A\u00a0<a rel=\"noreferrer noopener\" href=\"https:\/\/cultura.jundiai.sp.gov.br\/enredanca\/\" target=\"_blank\">25\u00aa edi\u00e7\u00e3o do festival Enredan\u00e7a<\/a>\u00a0tem garantido uma s\u00e9rie de apresenta\u00e7\u00f5es em palcos descentralizados da cidade. As coreografias da Mostra Paralela j\u00e1 chegaram \u00e0 Pracinha da Cultura do Vista Alegre, \u00e0s escolas da rede municipal de ensino e ao Maxi Shopping, um dos patrocinadores do festival.<\/p>\n\n\n\n<p><a href=\"https:\/\/www.flickr.com\/photos\/prefeituradejundiai\/albums\/72177720307561950\" target=\"_blank\" rel=\"noreferrer noopener\">CONFIRA AS FOTOS DO 25\u00ba ENREDAN\u00c7A<\/a><\/p>\n\n\n\n<p>\u201cAl\u00e9m de se tratar de mais uma a\u00e7\u00e3o da plataforma de Educa\u00e7\u00e3o e Cultura da Prefeitura, a inclus\u00e3o de apresenta\u00e7\u00f5es do Enredan\u00e7a nas escolas vai ao encontro da descentraliza\u00e7\u00e3o da oferta de atividades culturais nos bairros, principalmente os mais afastados. O objetivo n\u00e3o \u00e9 s\u00f3 garantir o acesso \u00e0 linguagem art\u00edstica, mas tamb\u00e9m formar p\u00fablico e incentivar que se desloque para conhecer espa\u00e7os como o Teatro Polytheama, que est\u00e1 inserido na programa\u00e7\u00e3o do festival\u201d, comentou o gestor de Cultura, Marcelo Peroni.<\/p>\n\n\n<div class=\"wp-block-image\">\n<figure class=\"aligncenter size-large\"><img loading=\"lazy\" decoding=\"async\" width=\"1200\" height=\"801\" src=\"https:\/\/tvtecjundiai.com.br\/news\/wp-content\/uploads\/sites\/2\/2023\/04\/enredanca_emeb-beatriz-pupo_mostra-paralela-7-1280x854-1-1200x801.jpg\" alt=\"\" class=\"wp-image-108025\" srcset=\"https:\/\/tvtecjundiai.com.br\/news\/wp-content\/uploads\/sites\/2\/2023\/04\/enredanca_emeb-beatriz-pupo_mostra-paralela-7-1280x854-1-1200x801.jpg 1200w, https:\/\/tvtecjundiai.com.br\/news\/wp-content\/uploads\/sites\/2\/2023\/04\/enredanca_emeb-beatriz-pupo_mostra-paralela-7-1280x854-1-300x200.jpg 300w, https:\/\/tvtecjundiai.com.br\/news\/wp-content\/uploads\/sites\/2\/2023\/04\/enredanca_emeb-beatriz-pupo_mostra-paralela-7-1280x854-1-768x512.jpg 768w, https:\/\/tvtecjundiai.com.br\/news\/wp-content\/uploads\/sites\/2\/2023\/04\/enredanca_emeb-beatriz-pupo_mostra-paralela-7-1280x854-1.jpg 1280w\" sizes=\"auto, (max-width: 1200px) 100vw, 1200px\" \/><figcaption class=\"wp-element-caption\">Segunda-feira (17) foi marcada pelas apresenta\u00e7\u00f5es da Mostra Paralela nas EMEBs<\/figcaption><\/figure>\n<\/div>\n\n\n<p><\/p>\n\n\n\n<p>Nessa segunda-feira (17), as apresenta\u00e7\u00f5es chegaram \u00e0s EMEBs Professor Luiz Biela de Souza (Jardim Santa Gertrudes) e Professora Beatriz Blattner Pupo (Jardim Novo Horizonte), no per\u00edodo da manh\u00e3 e da tarde.<\/p>\n\n\n\n<p>As turmas do per\u00edodo vespertino da EMEB do Jardim Novo Horizonte puderam assistir na quadra da escola \u00e0s performances das academias Centro de Artes Entrelac\u00ea, Danzaria Studio de Dan\u00e7a, IOA Dan\u00e7a e Premiere Escola de Dan\u00e7a.<\/p>\n\n\n\n<p>Al\u00e9m de assistir \u00e0s performances, os alunos do 3\u00ba ano Allanys Macedo e Josu\u00e9 Malq, de oito anos, aprenderam a coreografia do jingle oficial do festival com as bailarinas Alice F\u00e9lix e Gabriela Faria, da IOA Dan\u00e7a.<\/p>\n\n\n\n<p>\u201cEu n\u00e3o sei dan\u00e7ar, mas sou f\u00e3 da Pisadinha. Gostei da surpresa da apresenta\u00e7\u00e3o ao chegar \u00e0 escola\u201d, comentou Josu\u00e9.<\/p>\n\n\n\n<p>\u201cEu comecei este ano a fazer aulas de dan\u00e7a. Gosto de estilos lentos e mais acelerados e, por isso, gostei de ver as apresenta\u00e7\u00f5es desta tarde\u201d, compartilhou Allanys.<\/p>\n\n\n<div class=\"wp-block-image\">\n<figure class=\"aligncenter size-large\"><img loading=\"lazy\" decoding=\"async\" width=\"1200\" height=\"801\" src=\"https:\/\/tvtecjundiai.com.br\/news\/wp-content\/uploads\/sites\/2\/2023\/04\/enredanca_emeb-beatriz-pupo_mostra-paralela-86-3-1280x854-1-1200x801.jpg\" alt=\"\" class=\"wp-image-108026\" srcset=\"https:\/\/tvtecjundiai.com.br\/news\/wp-content\/uploads\/sites\/2\/2023\/04\/enredanca_emeb-beatriz-pupo_mostra-paralela-86-3-1280x854-1-1200x801.jpg 1200w, https:\/\/tvtecjundiai.com.br\/news\/wp-content\/uploads\/sites\/2\/2023\/04\/enredanca_emeb-beatriz-pupo_mostra-paralela-86-3-1280x854-1-300x200.jpg 300w, https:\/\/tvtecjundiai.com.br\/news\/wp-content\/uploads\/sites\/2\/2023\/04\/enredanca_emeb-beatriz-pupo_mostra-paralela-86-3-1280x854-1-768x512.jpg 768w, https:\/\/tvtecjundiai.com.br\/news\/wp-content\/uploads\/sites\/2\/2023\/04\/enredanca_emeb-beatriz-pupo_mostra-paralela-86-3-1280x854-1.jpg 1280w\" sizes=\"auto, (max-width: 1200px) 100vw, 1200px\" \/><figcaption class=\"wp-element-caption\">Josu\u00e9 e Allanys tiveram um treinamento particular sobre a coreografia do jingle do festival com as bailarinas Alice e Gabriela<\/figcaption><\/figure>\n<\/div>\n\n\n<p><\/p>\n\n\n\n<p>J\u00e1 no Maxi Shopping, as performances come\u00e7aram no \u00faltimo s\u00e1bado (15) e seguir\u00e3o at\u00e9 este s\u00e1bado (22), sempre a partir das 14h, em uma das \u00e1reas de conviv\u00eancia do andar t\u00e9rreo.<\/p>\n\n\n\n<p><strong>Mais Enredan\u00e7a<\/strong><br>Al\u00e9m da Mostra Paralela, a Mostra Competitiva segue no Teatro Polytheama entre esta ter\u00e7a (18) e o s\u00e1bado (22), com realiza\u00e7\u00e3o da Noite de Gala do Festival no domingo (23). Para as apresenta\u00e7\u00f5es no Teatro, os ingressos gratuitos de cada noite ficam dispon\u00edveis sempre a partir das 10h30, na bilheteria e&nbsp;<a href=\"https:\/\/cultura.jundiai.sp.gov.br\/enredanca\/mostra-competitiva\/\" target=\"_blank\" rel=\"noreferrer noopener\">na internet, por meio da plataforma Sympla<\/a>.<\/p>\n\n\n\n<p>A programa\u00e7\u00e3o completa pode ser conferida no site do festival.<\/p>\n\n\n<div class=\"wp-block-image\">\n<figure class=\"aligncenter size-large\"><img loading=\"lazy\" decoding=\"async\" width=\"1200\" height=\"801\" src=\"https:\/\/tvtecjundiai.com.br\/news\/wp-content\/uploads\/sites\/2\/2023\/04\/enredanca_emeb-beatriz-pupo_mostra-paralela-75-1280x854-1-1200x801.jpg\" alt=\"\" class=\"wp-image-108027\" srcset=\"https:\/\/tvtecjundiai.com.br\/news\/wp-content\/uploads\/sites\/2\/2023\/04\/enredanca_emeb-beatriz-pupo_mostra-paralela-75-1280x854-1-1200x801.jpg 1200w, https:\/\/tvtecjundiai.com.br\/news\/wp-content\/uploads\/sites\/2\/2023\/04\/enredanca_emeb-beatriz-pupo_mostra-paralela-75-1280x854-1-300x200.jpg 300w, https:\/\/tvtecjundiai.com.br\/news\/wp-content\/uploads\/sites\/2\/2023\/04\/enredanca_emeb-beatriz-pupo_mostra-paralela-75-1280x854-1-768x512.jpg 768w, https:\/\/tvtecjundiai.com.br\/news\/wp-content\/uploads\/sites\/2\/2023\/04\/enredanca_emeb-beatriz-pupo_mostra-paralela-75-1280x854-1.jpg 1280w\" sizes=\"auto, (max-width: 1200px) 100vw, 1200px\" \/><figcaption class=\"wp-element-caption\">A escola dividiu-se em turmas, para que todas as salas pudessem assistir \u00e0s apresenta\u00e7\u00f5es na quadra<\/figcaption><\/figure>\n<\/div>\n\n\n<p><\/p>\n\n\n\n<p><strong><em>(Fonte\/Imagens: Prefeitura de Jundia\u00ed)<\/em><\/strong><\/p>\n","protected":false},"excerpt":{"rendered":"<p>Coreografias chegaram \u00e0 Pracinha da Cultura do Vista Alegre, escolas da rede municipal e ao Maxi Shopping<\/p>\n","protected":false},"author":30,"featured_media":108027,"comment_status":"closed","ping_status":"0","sticky":false,"template":"","format":"standard","meta":{"footnotes":""},"categories":[2833,8356,1],"tags":[],"class_list":["post-108021","post","type-post","status-publish","format-standard","has-post-thumbnail","hentry","category-cultura","category-jundiai","category-noticias"],"_links":{"self":[{"href":"https:\/\/tvtecjundiai.com.br\/news\/wp-json\/wp\/v2\/posts\/108021","targetHints":{"allow":["GET"]}}],"collection":[{"href":"https:\/\/tvtecjundiai.com.br\/news\/wp-json\/wp\/v2\/posts"}],"about":[{"href":"https:\/\/tvtecjundiai.com.br\/news\/wp-json\/wp\/v2\/types\/post"}],"author":[{"embeddable":true,"href":"https:\/\/tvtecjundiai.com.br\/news\/wp-json\/wp\/v2\/users\/30"}],"replies":[{"embeddable":true,"href":"https:\/\/tvtecjundiai.com.br\/news\/wp-json\/wp\/v2\/comments?post=108021"}],"version-history":[{"count":1,"href":"https:\/\/tvtecjundiai.com.br\/news\/wp-json\/wp\/v2\/posts\/108021\/revisions"}],"predecessor-version":[{"id":108028,"href":"https:\/\/tvtecjundiai.com.br\/news\/wp-json\/wp\/v2\/posts\/108021\/revisions\/108028"}],"wp:featuredmedia":[{"embeddable":true,"href":"https:\/\/tvtecjundiai.com.br\/news\/wp-json\/wp\/v2\/media\/108027"}],"wp:attachment":[{"href":"https:\/\/tvtecjundiai.com.br\/news\/wp-json\/wp\/v2\/media?parent=108021"}],"wp:term":[{"taxonomy":"category","embeddable":true,"href":"https:\/\/tvtecjundiai.com.br\/news\/wp-json\/wp\/v2\/categories?post=108021"},{"taxonomy":"post_tag","embeddable":true,"href":"https:\/\/tvtecjundiai.com.br\/news\/wp-json\/wp\/v2\/tags?post=108021"}],"curies":[{"name":"wp","href":"https:\/\/api.w.org\/{rel}","templated":true}]}}