{"id":108038,"date":"2023-04-18T14:48:32","date_gmt":"2023-04-18T17:48:32","guid":{"rendered":"https:\/\/tvtecjundiai.com.br\/news\/?p=108038"},"modified":"2023-04-18T14:48:32","modified_gmt":"2023-04-18T17:48:32","slug":"jundiai-cria-linha-de-onibus-especial-para-aniversario-do-parque-da-cidade","status":"publish","type":"post","link":"https:\/\/tvtecjundiai.com.br\/news\/2023\/04\/18\/jundiai-cria-linha-de-onibus-especial-para-aniversario-do-parque-da-cidade\/","title":{"rendered":"Jundia\u00ed cria linha de \u00f4nibus especial para anivers\u00e1rio do Parque da Cidade"},"content":{"rendered":"\n<p>Para atender o p\u00fablico que participar\u00e1 da festa de anivers\u00e1rio do Parque da Cidade na sexta-feira (21), ser\u00e1 criada a linha especial 307 \u2013 Terminal Hortol\u00e2ndia\/Parque da Cidade, apenas para o feriado.<\/p>\n\n\n\n<p>Com viagens a cada 30 minutos, a linha 307 far\u00e1 tr\u00eas paradas: Terminal Hortol\u00e2ndia, Parque da Cidade e Mundo das Crian\u00e7as.<\/p>\n\n\n\n<p>J\u00e1 para os usu\u00e1rios que queiram embarcar e desembarcar em outros pontos, a linha ser\u00e1 a 578 \u2013 Jundia\u00ed Mirim. Al\u00e9m disso, a programa\u00e7\u00e3o do Sistema Integrado de Transporte Urbano (SITU), no feriado de Tiradentes, funcionar\u00e1 com tabela hor\u00e1ria de domingos e feriados.<\/p>\n\n\n<div class=\"wp-block-image\">\n<figure class=\"aligncenter size-large is-resized\"><img loading=\"lazy\" decoding=\"async\" src=\"https:\/\/tvtecjundiai.com.br\/news\/wp-content\/uploads\/sites\/2\/2023\/04\/onibus_mobiliade-total-8-1200x800.jpg\" alt=\"\" class=\"wp-image-108039\" width=\"600\" height=\"400\" srcset=\"https:\/\/tvtecjundiai.com.br\/news\/wp-content\/uploads\/sites\/2\/2023\/04\/onibus_mobiliade-total-8-1200x800.jpg 1200w, https:\/\/tvtecjundiai.com.br\/news\/wp-content\/uploads\/sites\/2\/2023\/04\/onibus_mobiliade-total-8-300x200.jpg 300w, https:\/\/tvtecjundiai.com.br\/news\/wp-content\/uploads\/sites\/2\/2023\/04\/onibus_mobiliade-total-8-768x512.jpg 768w, https:\/\/tvtecjundiai.com.br\/news\/wp-content\/uploads\/sites\/2\/2023\/04\/onibus_mobiliade-total-8.jpg 1280w\" sizes=\"auto, (max-width: 600px) 100vw, 600px\" \/><\/figure>\n<\/div>\n\n\n<p><\/p>\n\n\n\n<p><strong><em>(Fonte\/Imagem: Prefeitura de Jundia\u00ed)<\/em><\/strong><\/p>\n","protected":false},"excerpt":{"rendered":"<p>A linha 307 far\u00e1 paradas no Terminal Hortol\u00e2ndia, Parque da Cidade e Mundo das Crian\u00e7as<\/p>\n","protected":false},"author":30,"featured_media":108039,"comment_status":"closed","ping_status":"0","sticky":false,"template":"","format":"standard","meta":{"footnotes":""},"categories":[8356,1,3059],"tags":[],"class_list":["post-108038","post","type-post","status-publish","format-standard","has-post-thumbnail","hentry","category-jundiai","category-noticias","category-transportes"],"_links":{"self":[{"href":"https:\/\/tvtecjundiai.com.br\/news\/wp-json\/wp\/v2\/posts\/108038","targetHints":{"allow":["GET"]}}],"collection":[{"href":"https:\/\/tvtecjundiai.com.br\/news\/wp-json\/wp\/v2\/posts"}],"about":[{"href":"https:\/\/tvtecjundiai.com.br\/news\/wp-json\/wp\/v2\/types\/post"}],"author":[{"embeddable":true,"href":"https:\/\/tvtecjundiai.com.br\/news\/wp-json\/wp\/v2\/users\/30"}],"replies":[{"embeddable":true,"href":"https:\/\/tvtecjundiai.com.br\/news\/wp-json\/wp\/v2\/comments?post=108038"}],"version-history":[{"count":1,"href":"https:\/\/tvtecjundiai.com.br\/news\/wp-json\/wp\/v2\/posts\/108038\/revisions"}],"predecessor-version":[{"id":108040,"href":"https:\/\/tvtecjundiai.com.br\/news\/wp-json\/wp\/v2\/posts\/108038\/revisions\/108040"}],"wp:featuredmedia":[{"embeddable":true,"href":"https:\/\/tvtecjundiai.com.br\/news\/wp-json\/wp\/v2\/media\/108039"}],"wp:attachment":[{"href":"https:\/\/tvtecjundiai.com.br\/news\/wp-json\/wp\/v2\/media?parent=108038"}],"wp:term":[{"taxonomy":"category","embeddable":true,"href":"https:\/\/tvtecjundiai.com.br\/news\/wp-json\/wp\/v2\/categories?post=108038"},{"taxonomy":"post_tag","embeddable":true,"href":"https:\/\/tvtecjundiai.com.br\/news\/wp-json\/wp\/v2\/tags?post=108038"}],"curies":[{"name":"wp","href":"https:\/\/api.w.org\/{rel}","templated":true}]}}