{"id":108045,"date":"2023-04-18T15:57:43","date_gmt":"2023-04-18T18:57:43","guid":{"rendered":"https:\/\/tvtecjundiai.com.br\/news\/?p=108045"},"modified":"2023-04-18T15:57:45","modified_gmt":"2023-04-18T18:57:45","slug":"hsv-recebe-doacao-de-livros-escritos-por-jovem-e-inicia-campanha-interna","status":"publish","type":"post","link":"https:\/\/tvtecjundiai.com.br\/news\/2023\/04\/18\/hsv-recebe-doacao-de-livros-escritos-por-jovem-e-inicia-campanha-interna\/","title":{"rendered":"HSV recebe doa\u00e7\u00e3o de livros escritos por jovem e inicia campanha interna"},"content":{"rendered":"\n<p>O jovem escritor Luan de Oliveira, de 13 anos, lan\u00e7ou seu primeiro livro, intitulado &#8220;Meu Mundo Gamer&#8221;, em dezembro de 2020, com uma boa inten\u00e7\u00e3o: a de ajudar pessoas afetadas pela pandemia Covid-19 e contribuir para o combate \u00e0 doen\u00e7a. Na \u00e9poca, o valor arrecadado com a venda das obras foi direcionado ao Hospital de Caridade S\u00e3o Vicente de Paulo (HSV) que&nbsp;contribuiu diretamente com o momento vivido.&nbsp;Em 2021 Luan lan\u00e7ou o segundo livro, \u201cMeu Mundo Gamer 2\u201d e nesta semana, ao lado de seus pais,&nbsp;Claudete Oliveira&nbsp;e Paulo Eduardo de Oliveira, realizou uma nova doa\u00e7\u00e3o do hospital. Desta vez, foram 300 livros, entregues \u00e0 supervisora de Projetos Sociais do HSV, Viviane Rasera.&nbsp;&nbsp;<\/p>\n\n\n\n<p>O primeiro livro conta as aventuras do personagem baseado em Luan, que, durante uma noite de ins\u00f4nia, liga o computador para se distrair com um jogo online e acaba sendo teletransportado para o ambiente do game, em outra dimens\u00e3o. A hist\u00f3ria terminou com a deixa para uma continua\u00e7\u00e3o, que segue neste novo trabalho.&nbsp;<\/p>\n\n\n\n<p>Por meio dessa doa\u00e7\u00e3o, o HSV inicia uma campanha interna de vendas dos exemplares. O valor arrecadado beneficiar\u00e1&nbsp;os projetos e iniciativas de humaniza\u00e7\u00e3o aos pacientes e colaboradores.&nbsp;O valor de venda dos livros \u00e9 de R$30,00 e quem quiser adquirir um exemplar, pode faz\u00ea-lo por meio de Pix, no e-mail:&nbsp;<a href=\"mailto:timehmz@hsvicente.org.br\" target=\"_blank\" rel=\"noreferrer noopener\">timehmz@hsvicente.org.br<\/a>.&nbsp;A retirada do livro \u00e9 mediante a apresenta\u00e7\u00e3o do comprovante de pagamento, na portaria central da unidade de sa\u00fade, localizada na&nbsp;R. S\u00e3o Vicente de Paulo, 223 &#8211; Centro, Jundia\u00ed.&nbsp;<\/p>\n\n\n<div class=\"wp-block-image\">\n<figure class=\"aligncenter size-full\"><img loading=\"lazy\" decoding=\"async\" width=\"614\" height=\"394\" src=\"https:\/\/tvtecjundiai.com.br\/news\/wp-content\/uploads\/sites\/2\/2023\/04\/image002.jpg\" alt=\"\" class=\"wp-image-108046\" srcset=\"https:\/\/tvtecjundiai.com.br\/news\/wp-content\/uploads\/sites\/2\/2023\/04\/image002.jpg 614w, https:\/\/tvtecjundiai.com.br\/news\/wp-content\/uploads\/sites\/2\/2023\/04\/image002-300x193.jpg 300w\" sizes=\"auto, (max-width: 614px) 100vw, 614px\" \/><figcaption class=\"wp-element-caption\"><strong>Verba de livros doados por escritor mirim ser\u00e3o revertidos em melhorias para o HSV<\/strong><\/figcaption><\/figure>\n<\/div>\n\n\n<p>Em conjunto, a fam\u00edlia agradece a oportunidade de mais uma vez cooperar e abra\u00e7ar \u00e0s causas da institui\u00e7\u00e3o. \u201cEstamos felizes demais em visitar mais uma vez o S\u00e3o Vicente, \u00e9 sempre um prazer ajud\u00e1-lo. Acreditamos que a doa\u00e7\u00e3o dos livros tenha chegado em um \u00f3timo momento, j\u00e1 que em abril comemoramos o m\u00eas nacional do livro infantil. Esperamos que a campanha interna seja um sucesso e ajude mais uma vez nosso Hospital\u201d.&nbsp;<\/p>\n\n\n\n<p>Com muito carinho e alegria, Luan traz consigo uma palavra que aprendeu e acredita definir seus projetos. \u201c&#8221;Ubuntu\u201d, que significa: \u201cSou o que sou, porque n\u00f3s somos&#8221; \u2013 tenho certeza que esse esp\u00edrito de amor, compaix\u00e3o, uni\u00e3o e respeito junto com a educa\u00e7\u00e3o, define essas a\u00e7\u00f5es e os projetos. Minha inten\u00e7\u00e3o \u00e9 fazer do mundo um lugar melhor para todos\u201d, finaliza.<\/p>\n\n\n\n<p><strong><em>(Fonte\/Imagem: Assessoria Hospital S\u00e3o Vicente de Paulo)<\/em><\/strong><\/p>\n","protected":false},"excerpt":{"rendered":"<p>Verba de livros doados por escritor mirim ser\u00e3o revertidos em melhorias para o HSV<\/p>\n","protected":false},"author":30,"featured_media":108046,"comment_status":"closed","ping_status":"0","sticky":false,"template":"","format":"standard","meta":{"footnotes":""},"categories":[8356,1,2839,8355],"tags":[],"class_list":["post-108045","post","type-post","status-publish","format-standard","has-post-thumbnail","hentry","category-jundiai","category-noticias","category-saude","category-saude-3"],"_links":{"self":[{"href":"https:\/\/tvtecjundiai.com.br\/news\/wp-json\/wp\/v2\/posts\/108045","targetHints":{"allow":["GET"]}}],"collection":[{"href":"https:\/\/tvtecjundiai.com.br\/news\/wp-json\/wp\/v2\/posts"}],"about":[{"href":"https:\/\/tvtecjundiai.com.br\/news\/wp-json\/wp\/v2\/types\/post"}],"author":[{"embeddable":true,"href":"https:\/\/tvtecjundiai.com.br\/news\/wp-json\/wp\/v2\/users\/30"}],"replies":[{"embeddable":true,"href":"https:\/\/tvtecjundiai.com.br\/news\/wp-json\/wp\/v2\/comments?post=108045"}],"version-history":[{"count":1,"href":"https:\/\/tvtecjundiai.com.br\/news\/wp-json\/wp\/v2\/posts\/108045\/revisions"}],"predecessor-version":[{"id":108047,"href":"https:\/\/tvtecjundiai.com.br\/news\/wp-json\/wp\/v2\/posts\/108045\/revisions\/108047"}],"wp:featuredmedia":[{"embeddable":true,"href":"https:\/\/tvtecjundiai.com.br\/news\/wp-json\/wp\/v2\/media\/108046"}],"wp:attachment":[{"href":"https:\/\/tvtecjundiai.com.br\/news\/wp-json\/wp\/v2\/media?parent=108045"}],"wp:term":[{"taxonomy":"category","embeddable":true,"href":"https:\/\/tvtecjundiai.com.br\/news\/wp-json\/wp\/v2\/categories?post=108045"},{"taxonomy":"post_tag","embeddable":true,"href":"https:\/\/tvtecjundiai.com.br\/news\/wp-json\/wp\/v2\/tags?post=108045"}],"curies":[{"name":"wp","href":"https:\/\/api.w.org\/{rel}","templated":true}]}}