{"id":108052,"date":"2023-04-19T09:23:46","date_gmt":"2023-04-19T12:23:46","guid":{"rendered":"https:\/\/tvtecjundiai.com.br\/news\/?p=108052"},"modified":"2023-04-19T09:24:27","modified_gmt":"2023-04-19T12:24:27","slug":"doacoes-para-bazar-do-hospital-sao-vicente-podem-ser-entregues-nesta-quarta-19","status":"publish","type":"post","link":"https:\/\/tvtecjundiai.com.br\/news\/2023\/04\/19\/doacoes-para-bazar-do-hospital-sao-vicente-podem-ser-entregues-nesta-quarta-19\/","title":{"rendered":"Doa\u00e7\u00f5es para bazar do Hospital S\u00e3o Vicente podem ser entregues nesta quarta (19)"},"content":{"rendered":"\n<p>Como acontece semanalmente, \u00e0s quartas-feiras, a equipe de volunt\u00e1rios do Hospital de Caridade S\u00e3o Vicente de Paulo (HSV) fica dispon\u00edvel para receber doa\u00e7\u00f5es para o bazar mensal. Os itens s\u00e3o vendidos a pre\u00e7os simb\u00f3licos e a renda \u00e9 revertida para melhorias no hospital. S\u00e3o aceitas doa\u00e7\u00f5es de roupas, utens\u00edlios dom\u00e9sticos, brinquedos, itens de decora\u00e7\u00e3o, cal\u00e7ados, acess\u00f3rios e outros itens em boas condi\u00e7\u00f5es de uso.<\/p>\n\n\n\n<p>As doa\u00e7\u00f5es podem ser entregues na rua Dr. Leonardo Cavalcanti, 350, Centro, \u00e0s quartas-feiras, das 14h \u00e0s 16h. O pr\u00f3ximo bazar deve ocorrer no in\u00edcio do m\u00eas de maio.<\/p>\n\n\n<div class=\"wp-block-image\">\n<figure class=\"aligncenter size-full is-resized\"><img loading=\"lazy\" decoding=\"async\" src=\"https:\/\/tvtecjundiai.com.br\/news\/wp-content\/uploads\/sites\/2\/2023\/04\/Equipe-do-voluntariado-arrecada-itens-de-doacao-para-Bazar-de-marco-768x576-1.jpg\" alt=\"\" class=\"wp-image-108053\" width=\"614\" height=\"461\" srcset=\"https:\/\/tvtecjundiai.com.br\/news\/wp-content\/uploads\/sites\/2\/2023\/04\/Equipe-do-voluntariado-arrecada-itens-de-doacao-para-Bazar-de-marco-768x576-1.jpg 768w, https:\/\/tvtecjundiai.com.br\/news\/wp-content\/uploads\/sites\/2\/2023\/04\/Equipe-do-voluntariado-arrecada-itens-de-doacao-para-Bazar-de-marco-768x576-1-300x225.jpg 300w\" sizes=\"auto, (max-width: 614px) 100vw, 614px\" \/><\/figure>\n<\/div>\n\n\n<p><\/p>\n\n\n\n<p><strong><em>(Fonte\/Imagem: Assessoria Hospital S\u00e3o Vicente)<\/em><\/strong><\/p>\n","protected":false},"excerpt":{"rendered":"<p>Os itens s\u00e3o vendidos a pre\u00e7os simb\u00f3licos e a renda \u00e9 revertida para melhorias na institui\u00e7\u00e3o<\/p>\n","protected":false},"author":30,"featured_media":108053,"comment_status":"closed","ping_status":"0","sticky":false,"template":"","format":"standard","meta":{"footnotes":""},"categories":[8356,1],"tags":[],"class_list":["post-108052","post","type-post","status-publish","format-standard","has-post-thumbnail","hentry","category-jundiai","category-noticias"],"_links":{"self":[{"href":"https:\/\/tvtecjundiai.com.br\/news\/wp-json\/wp\/v2\/posts\/108052","targetHints":{"allow":["GET"]}}],"collection":[{"href":"https:\/\/tvtecjundiai.com.br\/news\/wp-json\/wp\/v2\/posts"}],"about":[{"href":"https:\/\/tvtecjundiai.com.br\/news\/wp-json\/wp\/v2\/types\/post"}],"author":[{"embeddable":true,"href":"https:\/\/tvtecjundiai.com.br\/news\/wp-json\/wp\/v2\/users\/30"}],"replies":[{"embeddable":true,"href":"https:\/\/tvtecjundiai.com.br\/news\/wp-json\/wp\/v2\/comments?post=108052"}],"version-history":[{"count":2,"href":"https:\/\/tvtecjundiai.com.br\/news\/wp-json\/wp\/v2\/posts\/108052\/revisions"}],"predecessor-version":[{"id":108055,"href":"https:\/\/tvtecjundiai.com.br\/news\/wp-json\/wp\/v2\/posts\/108052\/revisions\/108055"}],"wp:featuredmedia":[{"embeddable":true,"href":"https:\/\/tvtecjundiai.com.br\/news\/wp-json\/wp\/v2\/media\/108053"}],"wp:attachment":[{"href":"https:\/\/tvtecjundiai.com.br\/news\/wp-json\/wp\/v2\/media?parent=108052"}],"wp:term":[{"taxonomy":"category","embeddable":true,"href":"https:\/\/tvtecjundiai.com.br\/news\/wp-json\/wp\/v2\/categories?post=108052"},{"taxonomy":"post_tag","embeddable":true,"href":"https:\/\/tvtecjundiai.com.br\/news\/wp-json\/wp\/v2\/tags?post=108052"}],"curies":[{"name":"wp","href":"https:\/\/api.w.org\/{rel}","templated":true}]}}