{"id":108061,"date":"2023-04-19T11:16:43","date_gmt":"2023-04-19T14:16:43","guid":{"rendered":"https:\/\/tvtecjundiai.com.br\/news\/?p=108061"},"modified":"2023-04-19T11:16:44","modified_gmt":"2023-04-19T14:16:44","slug":"urbitec-construcoes-esta-com-vagas-de-emprego-abertas-em-jundiai","status":"publish","type":"post","link":"https:\/\/tvtecjundiai.com.br\/news\/2023\/04\/19\/urbitec-construcoes-esta-com-vagas-de-emprego-abertas-em-jundiai\/","title":{"rendered":"Urbitec Constru\u00e7\u00f5es est\u00e1 com vagas de emprego abertas em Jundia\u00ed"},"content":{"rendered":"\n<p>A Urbitec Constru\u00e7\u00f5es, bra\u00e7o construtivo da F A Oliva, uma das principais incorporadoras do interior de S\u00e3o Paulo, est\u00e1 contratando em Jundia\u00ed. As vagas s\u00e3o para ajudante geral de obras, aprendiz administrativo, assistente t\u00e9cnico de obras, auxiliar t\u00e9cnico de obras, pedreiro e t\u00e9cnico em seguran\u00e7a do trabalho.<\/p>\n\n\n\n<p>Al\u00e9m dessas oportunidades, \u00e9 poss\u00edvel cadastrar o curr\u00edculo no banco de talentos da empresa para futuras vagas em outras \u00e1reas. O acesso \u00e9 pelo site <a href=\"https:\/\/urbitec.gupy.io\/\">https:\/\/urbitec.gupy.io\/<\/a><\/p>\n\n\n\n<p>Os benef\u00edcios s\u00e3o: refei\u00e7\u00e3o no local, cesta b\u00e1sica ou vale-alimenta\u00e7\u00e3o, conv\u00eanio farm\u00e1cia, conv\u00eanio m\u00e9dico, gr\u00eamio esportivo, PLR, seguro de vida, vale-transporte e previd\u00eancia complementar.<\/p>\n\n\n<div class=\"wp-block-image\">\n<figure class=\"aligncenter size-full is-resized\"><img loading=\"lazy\" decoding=\"async\" src=\"https:\/\/tvtecjundiai.com.br\/news\/wp-content\/uploads\/sites\/2\/2023\/04\/galpao_pilar_itupeva_cyclop.jpg\" alt=\"\" class=\"wp-image-108062\" width=\"644\" height=\"483\" srcset=\"https:\/\/tvtecjundiai.com.br\/news\/wp-content\/uploads\/sites\/2\/2023\/04\/galpao_pilar_itupeva_cyclop.jpg 1024w, https:\/\/tvtecjundiai.com.br\/news\/wp-content\/uploads\/sites\/2\/2023\/04\/galpao_pilar_itupeva_cyclop-300x225.jpg 300w, https:\/\/tvtecjundiai.com.br\/news\/wp-content\/uploads\/sites\/2\/2023\/04\/galpao_pilar_itupeva_cyclop-768x576.jpg 768w\" sizes=\"auto, (max-width: 644px) 100vw, 644px\" \/><\/figure>\n<\/div>\n\n\n<p><\/p>\n\n\n\n<p><strong><em>(Fonte: TVTEC Jundia\u00ed\/Imagem: Divulga\u00e7\u00e3o\/Urbitec Constru\u00e7\u00f5es)<\/em><\/strong><\/p>\n\n\n\n<p><\/p>\n","protected":false},"excerpt":{"rendered":"<p>Tamb\u00e9m \u00e9 poss\u00edvel cadastrar o curr\u00edculo no banco de talentos da empresa para futuras oportunidades<\/p>\n","protected":false},"author":30,"featured_media":108062,"comment_status":"closed","ping_status":"0","sticky":false,"template":"","format":"standard","meta":{"footnotes":""},"categories":[5038,8363,8356,1],"tags":[],"class_list":["post-108061","post","type-post","status-publish","format-standard","has-post-thumbnail","hentry","category-emprego","category-emprego-2","category-jundiai","category-noticias"],"_links":{"self":[{"href":"https:\/\/tvtecjundiai.com.br\/news\/wp-json\/wp\/v2\/posts\/108061","targetHints":{"allow":["GET"]}}],"collection":[{"href":"https:\/\/tvtecjundiai.com.br\/news\/wp-json\/wp\/v2\/posts"}],"about":[{"href":"https:\/\/tvtecjundiai.com.br\/news\/wp-json\/wp\/v2\/types\/post"}],"author":[{"embeddable":true,"href":"https:\/\/tvtecjundiai.com.br\/news\/wp-json\/wp\/v2\/users\/30"}],"replies":[{"embeddable":true,"href":"https:\/\/tvtecjundiai.com.br\/news\/wp-json\/wp\/v2\/comments?post=108061"}],"version-history":[{"count":1,"href":"https:\/\/tvtecjundiai.com.br\/news\/wp-json\/wp\/v2\/posts\/108061\/revisions"}],"predecessor-version":[{"id":108063,"href":"https:\/\/tvtecjundiai.com.br\/news\/wp-json\/wp\/v2\/posts\/108061\/revisions\/108063"}],"wp:featuredmedia":[{"embeddable":true,"href":"https:\/\/tvtecjundiai.com.br\/news\/wp-json\/wp\/v2\/media\/108062"}],"wp:attachment":[{"href":"https:\/\/tvtecjundiai.com.br\/news\/wp-json\/wp\/v2\/media?parent=108061"}],"wp:term":[{"taxonomy":"category","embeddable":true,"href":"https:\/\/tvtecjundiai.com.br\/news\/wp-json\/wp\/v2\/categories?post=108061"},{"taxonomy":"post_tag","embeddable":true,"href":"https:\/\/tvtecjundiai.com.br\/news\/wp-json\/wp\/v2\/tags?post=108061"}],"curies":[{"name":"wp","href":"https:\/\/api.w.org\/{rel}","templated":true}]}}