{"id":108064,"date":"2023-04-19T12:08:41","date_gmt":"2023-04-19T15:08:41","guid":{"rendered":"https:\/\/tvtecjundiai.com.br\/news\/?p=108064"},"modified":"2023-04-19T13:34:23","modified_gmt":"2023-04-19T16:34:23","slug":"campanha-contra-gripe-60-agenda-para-drive-thru-sera-aberta-nesta-quinta","status":"publish","type":"post","link":"https:\/\/tvtecjundiai.com.br\/news\/2023\/04\/19\/campanha-contra-gripe-60-agenda-para-drive-thru-sera-aberta-nesta-quinta\/","title":{"rendered":"Agenda para drive-thru de vacina contra gripe para 60+ abre nesta quinta (20)"},"content":{"rendered":"\n<p>A Prefeitura abre nesta quinta-feira (20), a partir das 15h, agendamento no<a href=\"https:\/\/vacina.jundiai.sp.gov.br\/agendamento\/?rand=95816154467\">&nbsp;site<\/a>&nbsp;e no&nbsp;<a href=\"https:\/\/jundiai.sp.gov.br\/aplicativo-prefeitura-de-jundiai\/\">APP Jundia<\/a>\u00ed para pessoas com mais de 60 anos receberem a vacina contra Influenza (gripe) em sistema drive-thru. A aplica\u00e7\u00e3o ser\u00e1 na ter\u00e7a (25) e na quarta-feira (26), no Parque da Uva, das 17h \u00e0s 20h30.<\/p>\n\n\n\n<p>A estrat\u00e9gia \u00e9 mais uma oportunidade para os idosos buscarem pelo imunizante, que anualmente \u00e9 atualizado para ser efetivo na prote\u00e7\u00e3o contra as cepas do v\u00edrus que circularam no ano anterior.<\/p>\n\n\n\n<p><strong>Programa\u00e7\u00e3o<\/strong><br>Jundia\u00ed tamb\u00e9m prossegue, durante a semana, com a campanha contra gripe para o p\u00fablico habilitado, nas Unidades B\u00e1sicas de Sa\u00fade (UBSs), Novas UBSs e Cl\u00ednicas da Fam\u00edlia, no per\u00edodo da manh\u00e3. Em virtude do feriado do Dia de Tiradentes, nesta sexta-feira (21), o atendimento nestes equipamentos de sa\u00fade vai at\u00e9 quinta-feira, retornando na segunda-feira (24).<\/p>\n\n\n\n<p>J\u00e1 na sexta-feira, na comemora\u00e7\u00e3o do anivers\u00e1rio de 19 anos do Parque da Cidade, as equipes da sa\u00fade aplicar\u00e3o a dose contra gripe e tamb\u00e9m contra Covid-19, em posto montado na Pra\u00e7a P\u00f4r do Sol, a partir das 9h.<\/p>\n\n\n\n<p>No s\u00e1bado (22), ser\u00e1 realizada mais uma campanha de multivacina\u00e7\u00e3o com a aplica\u00e7\u00e3o de doses contra a Covid, Influenza e as demais do calend\u00e1rio nacional de vacina\u00e7\u00e3o, no Espa\u00e7o Jundia\u00ed (Maxi Shopping), das 11h \u00e0s 17h.<\/p>\n\n\n<div class=\"wp-block-image\">\n<figure class=\"aligncenter size-large is-resized\"><img loading=\"lazy\" decoding=\"async\" src=\"https:\/\/tvtecjundiai.com.br\/news\/wp-content\/uploads\/sites\/2\/2023\/04\/vacinacao-covid-19-drive-thru-parque-da-uva_c_-5-2-1200x800.jpg\" alt=\"\" class=\"wp-image-108065\" width=\"802\" height=\"535\" srcset=\"https:\/\/tvtecjundiai.com.br\/news\/wp-content\/uploads\/sites\/2\/2023\/04\/vacinacao-covid-19-drive-thru-parque-da-uva_c_-5-2-1200x800.jpg 1200w, https:\/\/tvtecjundiai.com.br\/news\/wp-content\/uploads\/sites\/2\/2023\/04\/vacinacao-covid-19-drive-thru-parque-da-uva_c_-5-2-300x200.jpg 300w, https:\/\/tvtecjundiai.com.br\/news\/wp-content\/uploads\/sites\/2\/2023\/04\/vacinacao-covid-19-drive-thru-parque-da-uva_c_-5-2-768x512.jpg 768w, https:\/\/tvtecjundiai.com.br\/news\/wp-content\/uploads\/sites\/2\/2023\/04\/vacinacao-covid-19-drive-thru-parque-da-uva_c_-5-2.jpg 1280w\" sizes=\"auto, (max-width: 802px) 100vw, 802px\" \/><figcaption class=\"wp-element-caption\">A aplica\u00e7\u00e3o da dose ser\u00e1 ter\u00e7a e quarta<\/figcaption><\/figure>\n<\/div>\n\n\n<p><strong>Confira o p\u00fablico habilitado<\/strong><br>Al\u00e9m do p\u00fablico 60+, podem tomar a vacina contra gripe: crian\u00e7as de 6 meses a menores de 6 anos (5 anos, 11 meses e 29 dias), trabalhadores da sa\u00fade, gestantes, pu\u00e9rperas, professores do ensino b\u00e1sico a superior, povos ind\u00edgenas, profissionais das for\u00e7as de seguran\u00e7a e salvamento, profissionais das for\u00e7as armadas, pessoas com defici\u00eancia permanente, caminhoneiros, trabalhadores de transporte coletivo rodovi\u00e1rio para passageiros urbano e de longo curso, trabalhadores portu\u00e1rios, funcion\u00e1rios do sistema prisional e pessoas portadoras de doen\u00e7as cr\u00f4nicas n\u00e3o transmiss\u00edveis e outras condi\u00e7\u00f5es cl\u00ednicas especiais.<\/p>\n\n\n\n<p>Juntamente com um documento pessoal de identifica\u00e7\u00e3o, \u00e9 necess\u00e1rio apresentar documento que comprove a condi\u00e7\u00e3o (registro profissional, receita m\u00e9dica, exame e prescri\u00e7\u00e3o m\u00e9dica com CID).<\/p>\n\n\n\n<p><strong><em>(Fonte\/Imagem: Prefeitura de Jundia\u00ed)<\/em><\/strong><\/p>\n","protected":false},"excerpt":{"rendered":"<p>A aplica\u00e7\u00e3o ser\u00e1 na ter\u00e7a (25) e na quarta-feira (26), no Parque da Uva, das 17h \u00e0s 20h30<\/p>\n","protected":false},"author":30,"featured_media":108065,"comment_status":"closed","ping_status":"0","sticky":false,"template":"","format":"standard","meta":{"footnotes":""},"categories":[8356,1,2839,8355],"tags":[],"class_list":["post-108064","post","type-post","status-publish","format-standard","has-post-thumbnail","hentry","category-jundiai","category-noticias","category-saude","category-saude-3"],"_links":{"self":[{"href":"https:\/\/tvtecjundiai.com.br\/news\/wp-json\/wp\/v2\/posts\/108064","targetHints":{"allow":["GET"]}}],"collection":[{"href":"https:\/\/tvtecjundiai.com.br\/news\/wp-json\/wp\/v2\/posts"}],"about":[{"href":"https:\/\/tvtecjundiai.com.br\/news\/wp-json\/wp\/v2\/types\/post"}],"author":[{"embeddable":true,"href":"https:\/\/tvtecjundiai.com.br\/news\/wp-json\/wp\/v2\/users\/30"}],"replies":[{"embeddable":true,"href":"https:\/\/tvtecjundiai.com.br\/news\/wp-json\/wp\/v2\/comments?post=108064"}],"version-history":[{"count":2,"href":"https:\/\/tvtecjundiai.com.br\/news\/wp-json\/wp\/v2\/posts\/108064\/revisions"}],"predecessor-version":[{"id":108081,"href":"https:\/\/tvtecjundiai.com.br\/news\/wp-json\/wp\/v2\/posts\/108064\/revisions\/108081"}],"wp:featuredmedia":[{"embeddable":true,"href":"https:\/\/tvtecjundiai.com.br\/news\/wp-json\/wp\/v2\/media\/108065"}],"wp:attachment":[{"href":"https:\/\/tvtecjundiai.com.br\/news\/wp-json\/wp\/v2\/media?parent=108064"}],"wp:term":[{"taxonomy":"category","embeddable":true,"href":"https:\/\/tvtecjundiai.com.br\/news\/wp-json\/wp\/v2\/categories?post=108064"},{"taxonomy":"post_tag","embeddable":true,"href":"https:\/\/tvtecjundiai.com.br\/news\/wp-json\/wp\/v2\/tags?post=108064"}],"curies":[{"name":"wp","href":"https:\/\/api.w.org\/{rel}","templated":true}]}}