{"id":108067,"date":"2023-04-19T12:10:29","date_gmt":"2023-04-19T15:10:29","guid":{"rendered":"https:\/\/tvtecjundiai.com.br\/news\/?p=108067"},"modified":"2023-04-19T12:10:30","modified_gmt":"2023-04-19T15:10:30","slug":"esporte-abre-vagas-para-iniciacao-em-atletismo","status":"publish","type":"post","link":"https:\/\/tvtecjundiai.com.br\/news\/2023\/04\/19\/esporte-abre-vagas-para-iniciacao-em-atletismo\/","title":{"rendered":"Esporte abre vagas para inicia\u00e7\u00e3o em atletismo"},"content":{"rendered":"\n<p>A Unidade de Gest\u00e3o de Esportes e Lazer (UGEL) abre vagas para turmas de inicia\u00e7\u00e3o em atletismo, que ser\u00e3o realizadas na pista do Bol\u00e3o (CECE Dr. Nicolino de Luca).<\/p>\n\n\n\n<p>Para crian\u00e7as de 12 a 14 anos, as aulas ocorrer\u00e3o \u00e0s ter\u00e7as e quintas-feiras, das 16h \u00e0s 17h. A inscri\u00e7\u00e3o ser\u00e1 realizada no dia 25, durante o hor\u00e1rio da aula, com o professor Robson Mian.<\/p>\n\n\n\n<p>J\u00e1 para crian\u00e7as de 9 a 11 anos, as aulas ser\u00e3o \u00e0s quartas e sextas-feiras, das 9h30 \u00e0s 10h30. A inscri\u00e7\u00e3o deve ser feita no dia 26, com o professor Juliano Vendramin.<\/p>\n\n\n\n<p>As vagas s\u00e3o limitadas e ser\u00e3o preenchidas por ordem de chegada.<\/p>\n\n\n<div class=\"wp-block-image\">\n<figure class=\"aligncenter size-full is-resized\"><img loading=\"lazy\" decoding=\"async\" src=\"https:\/\/tvtecjundiai.com.br\/news\/wp-content\/uploads\/sites\/2\/2023\/04\/atletismo-iniciante-bolao-e1681908657566.jpg\" alt=\"\" class=\"wp-image-108068\" width=\"808\" height=\"532\" srcset=\"https:\/\/tvtecjundiai.com.br\/news\/wp-content\/uploads\/sites\/2\/2023\/04\/atletismo-iniciante-bolao-e1681908657566.jpg 960w, https:\/\/tvtecjundiai.com.br\/news\/wp-content\/uploads\/sites\/2\/2023\/04\/atletismo-iniciante-bolao-e1681908657566-300x198.jpg 300w, https:\/\/tvtecjundiai.com.br\/news\/wp-content\/uploads\/sites\/2\/2023\/04\/atletismo-iniciante-bolao-e1681908657566-768x506.jpg 768w\" sizes=\"auto, (max-width: 808px) 100vw, 808px\" \/><figcaption class=\"wp-element-caption\">As duas turmas abertas ter\u00e3o aulas s\u00e3o na pista do Bol\u00e3o<\/figcaption><\/figure>\n<\/div>\n\n\n<p>O Bol\u00e3o fica na rua Rodrigo Soares de Oliveira, s\/n\u00ba, no Anhangaba\u00fa. Mais informa\u00e7\u00f5es podem ser obtidas nos telefones (11) 4589-6937 e 4589-6940.<\/p>\n\n\n\n<p><strong><em>(Fonte\/Imagem: Prefeitura de Jundia\u00ed)<\/em><\/strong><\/p>\n","protected":false},"excerpt":{"rendered":"<p>As vagas s\u00e3o limitadas e ser\u00e3o preenchidas por ordem de chegada.<\/p>\n","protected":false},"author":30,"featured_media":108068,"comment_status":"closed","ping_status":"0","sticky":false,"template":"","format":"standard","meta":{"footnotes":""},"categories":[2827,8356,8354,1],"tags":[],"class_list":["post-108067","post","type-post","status-publish","format-standard","has-post-thumbnail","hentry","category-esportes-e-lazer","category-jundiai","category-lazer","category-noticias"],"_links":{"self":[{"href":"https:\/\/tvtecjundiai.com.br\/news\/wp-json\/wp\/v2\/posts\/108067","targetHints":{"allow":["GET"]}}],"collection":[{"href":"https:\/\/tvtecjundiai.com.br\/news\/wp-json\/wp\/v2\/posts"}],"about":[{"href":"https:\/\/tvtecjundiai.com.br\/news\/wp-json\/wp\/v2\/types\/post"}],"author":[{"embeddable":true,"href":"https:\/\/tvtecjundiai.com.br\/news\/wp-json\/wp\/v2\/users\/30"}],"replies":[{"embeddable":true,"href":"https:\/\/tvtecjundiai.com.br\/news\/wp-json\/wp\/v2\/comments?post=108067"}],"version-history":[{"count":1,"href":"https:\/\/tvtecjundiai.com.br\/news\/wp-json\/wp\/v2\/posts\/108067\/revisions"}],"predecessor-version":[{"id":108069,"href":"https:\/\/tvtecjundiai.com.br\/news\/wp-json\/wp\/v2\/posts\/108067\/revisions\/108069"}],"wp:featuredmedia":[{"embeddable":true,"href":"https:\/\/tvtecjundiai.com.br\/news\/wp-json\/wp\/v2\/media\/108068"}],"wp:attachment":[{"href":"https:\/\/tvtecjundiai.com.br\/news\/wp-json\/wp\/v2\/media?parent=108067"}],"wp:term":[{"taxonomy":"category","embeddable":true,"href":"https:\/\/tvtecjundiai.com.br\/news\/wp-json\/wp\/v2\/categories?post=108067"},{"taxonomy":"post_tag","embeddable":true,"href":"https:\/\/tvtecjundiai.com.br\/news\/wp-json\/wp\/v2\/tags?post=108067"}],"curies":[{"name":"wp","href":"https:\/\/api.w.org\/{rel}","templated":true}]}}