{"id":108070,"date":"2023-04-19T12:12:15","date_gmt":"2023-04-19T15:12:15","guid":{"rendered":"https:\/\/tvtecjundiai.com.br\/news\/?p=108070"},"modified":"2023-04-19T13:35:49","modified_gmt":"2023-04-19T16:35:49","slug":"no-fundo-social-mais-40-vagas-gratuitas-serao-disponibilizadas-em-dois-cursos-de-gastronomia","status":"publish","type":"post","link":"https:\/\/tvtecjundiai.com.br\/news\/2023\/04\/19\/no-fundo-social-mais-40-vagas-gratuitas-serao-disponibilizadas-em-dois-cursos-de-gastronomia\/","title":{"rendered":"Fundo Social abre mais 40 vagas gratuitas em dois cursos de Gastronomia"},"content":{"rendered":"\n<p>O Fundo Social de Solidariedade de Jundia\u00ed (Funss) abre, nesta quinta-feira (20), \u00e0s 9h, a pr\u00e9-inscri\u00e7\u00e3o on-line para duas novas capacita\u00e7\u00f5es gratuitas, na modalidade de Gastronomia: Workshop de Sobremesas para o Dia das M\u00e3es e Curso de Comida de Boteco.<\/p>\n\n\n\n<p>Para participar \u00e9 necess\u00e1rio ter 16 anos, ser morador de Jundia\u00ed e ter o Ensino Fundamental completo. O interessado dever\u00e1 acessar o&nbsp;<em>link<\/em>&nbsp;da turma pretendida e preencher o Formul\u00e1rio Google com seus dados pessoais. O crit\u00e9rio de sele\u00e7\u00e3o e forma\u00e7\u00e3o das turmas \u00e9 a ordem de envio destas informa\u00e7\u00f5es, que considera hora, minuto e segundo. Confira o cronograma:<strong><\/strong><\/p>\n\n\n<div class=\"wp-block-image\">\n<figure class=\"aligncenter size-large is-resized\"><img loading=\"lazy\" decoding=\"async\" src=\"https:\/\/tvtecjundiai.com.br\/news\/wp-content\/uploads\/sites\/2\/2023\/04\/comida-de-boteco-1200x800.jpg\" alt=\"\" class=\"wp-image-108071\" width=\"788\" height=\"525\" srcset=\"https:\/\/tvtecjundiai.com.br\/news\/wp-content\/uploads\/sites\/2\/2023\/04\/comida-de-boteco-1200x800.jpg 1200w, https:\/\/tvtecjundiai.com.br\/news\/wp-content\/uploads\/sites\/2\/2023\/04\/comida-de-boteco-300x200.jpg 300w, https:\/\/tvtecjundiai.com.br\/news\/wp-content\/uploads\/sites\/2\/2023\/04\/comida-de-boteco-768x512.jpg 768w, https:\/\/tvtecjundiai.com.br\/news\/wp-content\/uploads\/sites\/2\/2023\/04\/comida-de-boteco.jpg 1280w\" sizes=\"auto, (max-width: 788px) 100vw, 788px\" \/><figcaption class=\"wp-element-caption\">O curso de Comida de Boteco trar\u00e1 receitas saborosas e f\u00e1ceis de fazer<\/figcaption><\/figure>\n<\/div>\n\n\n<p><strong>Workshop de Sobremesas para o Dia das M\u00e3es<\/strong><\/p>\n\n\n\n<p>Idade m\u00ednima: 16 anos<\/p>\n\n\n\n<p>Vagas: 20<\/p>\n\n\n\n<p>Datas: 02\/05 e 04\/05<\/p>\n\n\n\n<p>Aulas de 3\u00aa e 5\u00aa feira<\/p>\n\n\n\n<p>2 aulas<\/p>\n\n\n\n<p>Hor\u00e1rio: 8h \u00e0s 12h<\/p>\n\n\n\n<p>Local: Fundo Social de Solidariedade \u2013 Av. Dona Manoela Lacerda de Vergueiro, s\/n \u2013 Port\u00e3o 3 \u2013 Anexo ao Parque da Uva \u2013 Bairro Anhangaba\u00fa<\/p>\n\n\n\n<p><strong>Link para inscri\u00e7\u00e3o:&nbsp;<a href=\"https:\/\/forms.gle\/mv4qsf2UzBR3FfJy5\" target=\"_blank\" rel=\"noreferrer noopener\">https:\/\/forms.gle\/mv4qsf2UzBR3FfJy5<\/a><\/strong><\/p>\n\n\n\n<p><strong>Curso de Comida de Boteco<\/strong><\/p>\n\n\n\n<p>Idade m\u00ednima: 16 anos<\/p>\n\n\n\n<p>Vagas: 20<\/p>\n\n\n\n<p>Datas: 9, 11, 16, 18, 23 e 25\/05<\/p>\n\n\n\n<p>Aulas de 3\u00aa e 5\u00aa feira<\/p>\n\n\n\n<p>6 aulas<\/p>\n\n\n\n<p>Hor\u00e1rio: 8h \u00e0s 12h<\/p>\n\n\n\n<p>Local: Fundo Social de Solidariedade \u2013 Av. Dona Manoela Lacerda de Vergueiro, s\/n \u2013 Port\u00e3o 3 \u2013 Anexo ao Parque da Uva \u2013 Bairro Anhangaba\u00fa<\/p>\n\n\n\n<p><strong>Link para inscri\u00e7\u00e3o:&nbsp;<a rel=\"noreferrer noopener\" href=\"https:\/\/forms.gle\/cXYNVW5uSwQXDbfY8\" target=\"_blank\">https:\/\/forms.gle\/cXYNVW5uSwQXDbfY8<\/a><\/strong><\/p>\n\n\n\n<p>Os nomes dos alunos matriculados ser\u00e3o divulgados no site da Prefeitura de Jundia\u00ed e dados detalhados ser\u00e3o repassados por meio do contato de WhatsApp informado no ato da pr\u00e9-inscri\u00e7\u00e3o apenas aos alunos contemplados com a vaga. As fichas n\u00e3o contempladas est\u00e3o, automaticamente, na lista de espera e poder\u00e3o ser convocadas em caso de desist\u00eancia.<\/p>\n\n\n\n<p>O endere\u00e7o do Fundo Social \u00e9 o Parque da Uva. O acesso \u00e9 pela avenida Dona Manoela Lacerda de Vergueiro, s\/n, port\u00e3o 03, bairro Anhangaba\u00fa. O funcionamento da unidade \u00e9 de segunda a sexta-feira, das 8h \u00e0s 17h, exceto feriados. Informa\u00e7\u00f5es pelos telefones (11) 4589-6319 e 4589-6320.<\/p>\n\n\n\n<p><strong><em>(Fonte\/Imagem: Prefeitura de Jundia\u00ed)<\/em><\/strong><\/p>\n","protected":false},"excerpt":{"rendered":"<p>Para participar \u00e9 necess\u00e1rio ter 16 anos, ser morador de Jundia\u00ed e ter o Ensino Fundamental completo<\/p>\n","protected":false},"author":30,"featured_media":108071,"comment_status":"closed","ping_status":"0","sticky":false,"template":"","format":"standard","meta":{"footnotes":""},"categories":[2832,2828,8356,1],"tags":[],"class_list":["post-108070","post","type-post","status-publish","format-standard","has-post-thumbnail","hentry","category-cursos","category-educacao","category-jundiai","category-noticias"],"_links":{"self":[{"href":"https:\/\/tvtecjundiai.com.br\/news\/wp-json\/wp\/v2\/posts\/108070","targetHints":{"allow":["GET"]}}],"collection":[{"href":"https:\/\/tvtecjundiai.com.br\/news\/wp-json\/wp\/v2\/posts"}],"about":[{"href":"https:\/\/tvtecjundiai.com.br\/news\/wp-json\/wp\/v2\/types\/post"}],"author":[{"embeddable":true,"href":"https:\/\/tvtecjundiai.com.br\/news\/wp-json\/wp\/v2\/users\/30"}],"replies":[{"embeddable":true,"href":"https:\/\/tvtecjundiai.com.br\/news\/wp-json\/wp\/v2\/comments?post=108070"}],"version-history":[{"count":2,"href":"https:\/\/tvtecjundiai.com.br\/news\/wp-json\/wp\/v2\/posts\/108070\/revisions"}],"predecessor-version":[{"id":108082,"href":"https:\/\/tvtecjundiai.com.br\/news\/wp-json\/wp\/v2\/posts\/108070\/revisions\/108082"}],"wp:featuredmedia":[{"embeddable":true,"href":"https:\/\/tvtecjundiai.com.br\/news\/wp-json\/wp\/v2\/media\/108071"}],"wp:attachment":[{"href":"https:\/\/tvtecjundiai.com.br\/news\/wp-json\/wp\/v2\/media?parent=108070"}],"wp:term":[{"taxonomy":"category","embeddable":true,"href":"https:\/\/tvtecjundiai.com.br\/news\/wp-json\/wp\/v2\/categories?post=108070"},{"taxonomy":"post_tag","embeddable":true,"href":"https:\/\/tvtecjundiai.com.br\/news\/wp-json\/wp\/v2\/tags?post=108070"}],"curies":[{"name":"wp","href":"https:\/\/api.w.org\/{rel}","templated":true}]}}