{"id":108076,"date":"2023-04-19T12:20:24","date_gmt":"2023-04-19T15:20:24","guid":{"rendered":"https:\/\/tvtecjundiai.com.br\/news\/?p=108076"},"modified":"2023-04-19T15:02:29","modified_gmt":"2023-04-19T18:02:29","slug":"parque-da-cidade-recebe-pre-campanha-de-doacao-de-medula-ossea","status":"publish","type":"post","link":"https:\/\/tvtecjundiai.com.br\/news\/2023\/04\/19\/parque-da-cidade-recebe-pre-campanha-de-doacao-de-medula-ossea\/","title":{"rendered":"Parque da Cidade recebe pr\u00e9-campanha de doa\u00e7\u00e3o de medula \u00f3ssea"},"content":{"rendered":"\n<p>No anivers\u00e1rio do Parque da Cidade, comemorado na pr\u00f3xima sexta-feira (21), os visitantes que passarem pelo espa\u00e7o poder\u00e3o participar da programa\u00e7\u00e3o especial preparada para celebrar os 19 anos do Parque.<\/p>\n\n\n\n<p>Entre as diversas atra\u00e7\u00f5es, quem passar pela festa poder\u00e1 se informar sobre a Campanha de Doa\u00e7\u00e3o de Medula \u00d3ssea. Organizada por um grupo de volunt\u00e1rios em parceria com Hemocentro da Unicamp (Universidade Estadual de Campinas), a campanha acontece no dia 6 de maio no Espa\u00e7o Jundia\u00ed Empreendedora, no 3\u00ba piso do Maxi Shopping Jundia\u00ed.<\/p>\n\n\n\n<p>Durante a pr\u00e9-campanha, realizada no anivers\u00e1rio do Parque, os visitantes poder\u00e3o se informar sobre como se tornar um doador e as exig\u00eancias necess\u00e1rias, al\u00e9m de sanar outras d\u00favidas sobre a a\u00e7\u00e3o.<\/p>\n\n\n<div class=\"wp-block-image\">\n<figure class=\"aligncenter size-large is-resized\"><img loading=\"lazy\" decoding=\"async\" src=\"https:\/\/tvtecjundiai.com.br\/news\/wp-content\/uploads\/sites\/2\/2023\/04\/cadastro_doacao_de_medula_ossea-3-1-960x960.jpeg\" alt=\"\" class=\"wp-image-108077\" width=\"706\" height=\"706\" srcset=\"https:\/\/tvtecjundiai.com.br\/news\/wp-content\/uploads\/sites\/2\/2023\/04\/cadastro_doacao_de_medula_ossea-3-1-960x960.jpeg 960w, https:\/\/tvtecjundiai.com.br\/news\/wp-content\/uploads\/sites\/2\/2023\/04\/cadastro_doacao_de_medula_ossea-3-1-300x300.jpeg 300w, https:\/\/tvtecjundiai.com.br\/news\/wp-content\/uploads\/sites\/2\/2023\/04\/cadastro_doacao_de_medula_ossea-3-1-100x100.jpeg 100w, https:\/\/tvtecjundiai.com.br\/news\/wp-content\/uploads\/sites\/2\/2023\/04\/cadastro_doacao_de_medula_ossea-3-1-768x768.jpeg 768w, https:\/\/tvtecjundiai.com.br\/news\/wp-content\/uploads\/sites\/2\/2023\/04\/cadastro_doacao_de_medula_ossea-3-1.jpeg 1280w\" sizes=\"auto, (max-width: 706px) 100vw, 706px\" \/><figcaption class=\"wp-element-caption\">Durante a pr\u00e9-campanha, realizada no anivers\u00e1rio do Parque, os visitantes poder\u00e3o se informar sobre como se tornar um doador.<\/figcaption><\/figure>\n<\/div>\n\n\n<p>De acordo com o Registro Nacional de Doadores Volunt\u00e1rios de Medula \u00d3ssea (Redome), quanto maior o n\u00famero de doadores cadastrados, maiores as chances de salvar vidas, uma vez que estudos apontam que a chance de encontrar um doador de medula \u00f3ssea compat\u00edvel entre pessoas sem la\u00e7o de parentesco \u00e9 de uma em 100 mil. Entre pessoas da mesma fam\u00edlia, a probabilidade \u00e9 de 25%.<\/p>\n\n\n\n<p><strong>Quem pode ser doador?<\/strong><\/p>\n\n\n\n<p>Para se cadastrar como doador, \u00e9 preciso ter entre 18 e 35 anos, estar em bom estado geral de sa\u00fade, n\u00e3o ter doen\u00e7a infecciosa ou incapacitante e comparecer ao local da campanha alimentado, munido de RG, CPF e, quem tiver, o Cart\u00e3o Nacional de Sa\u00fade (CNS). No dia do cadastro, ser\u00e1 coletada uma amostra de sangue de aproximadamente 10 ml, que ser\u00e1 submetida a um teste de laborat\u00f3rio para identifica\u00e7\u00e3o das caracter\u00edsticas do doador.&nbsp;<\/p>\n\n\n<div class=\"wp-block-image\">\n<figure class=\"aligncenter size-full is-resized\"><img loading=\"lazy\" decoding=\"async\" src=\"https:\/\/tvtecjundiai.com.br\/news\/wp-content\/uploads\/sites\/2\/2023\/04\/cadastro_doacao_de_medula_ossea-2.jpeg\" alt=\"\" class=\"wp-image-108078\" width=\"652\" height=\"869\" srcset=\"https:\/\/tvtecjundiai.com.br\/news\/wp-content\/uploads\/sites\/2\/2023\/04\/cadastro_doacao_de_medula_ossea-2.jpeg 720w, https:\/\/tvtecjundiai.com.br\/news\/wp-content\/uploads\/sites\/2\/2023\/04\/cadastro_doacao_de_medula_ossea-2-300x400.jpeg 300w\" sizes=\"auto, (max-width: 652px) 100vw, 652px\" \/><\/figure>\n<\/div>\n\n\n<p><\/p>\n\n\n\n<p><strong><em>(Fonte\/Imagem: Prefeitura de Jundia\u00ed)<\/em><\/strong><\/p>\n","protected":false},"excerpt":{"rendered":"<p>Durante a pr\u00e9-campanha,os visitantes poder\u00e3o se informar sobre como se tornar um doador<\/p>\n","protected":false},"author":30,"featured_media":108083,"comment_status":"closed","ping_status":"0","sticky":false,"template":"","format":"standard","meta":{"footnotes":""},"categories":[8356,1,2839,8355],"tags":[],"class_list":["post-108076","post","type-post","status-publish","format-standard","has-post-thumbnail","hentry","category-jundiai","category-noticias","category-saude","category-saude-3"],"_links":{"self":[{"href":"https:\/\/tvtecjundiai.com.br\/news\/wp-json\/wp\/v2\/posts\/108076","targetHints":{"allow":["GET"]}}],"collection":[{"href":"https:\/\/tvtecjundiai.com.br\/news\/wp-json\/wp\/v2\/posts"}],"about":[{"href":"https:\/\/tvtecjundiai.com.br\/news\/wp-json\/wp\/v2\/types\/post"}],"author":[{"embeddable":true,"href":"https:\/\/tvtecjundiai.com.br\/news\/wp-json\/wp\/v2\/users\/30"}],"replies":[{"embeddable":true,"href":"https:\/\/tvtecjundiai.com.br\/news\/wp-json\/wp\/v2\/comments?post=108076"}],"version-history":[{"count":2,"href":"https:\/\/tvtecjundiai.com.br\/news\/wp-json\/wp\/v2\/posts\/108076\/revisions"}],"predecessor-version":[{"id":108084,"href":"https:\/\/tvtecjundiai.com.br\/news\/wp-json\/wp\/v2\/posts\/108076\/revisions\/108084"}],"wp:featuredmedia":[{"embeddable":true,"href":"https:\/\/tvtecjundiai.com.br\/news\/wp-json\/wp\/v2\/media\/108083"}],"wp:attachment":[{"href":"https:\/\/tvtecjundiai.com.br\/news\/wp-json\/wp\/v2\/media?parent=108076"}],"wp:term":[{"taxonomy":"category","embeddable":true,"href":"https:\/\/tvtecjundiai.com.br\/news\/wp-json\/wp\/v2\/categories?post=108076"},{"taxonomy":"post_tag","embeddable":true,"href":"https:\/\/tvtecjundiai.com.br\/news\/wp-json\/wp\/v2\/tags?post=108076"}],"curies":[{"name":"wp","href":"https:\/\/api.w.org\/{rel}","templated":true}]}}