{"id":108092,"date":"2023-04-19T16:28:01","date_gmt":"2023-04-19T19:28:01","guid":{"rendered":"https:\/\/tvtecjundiai.com.br\/news\/?p=108092"},"modified":"2023-04-19T16:28:03","modified_gmt":"2023-04-19T19:28:03","slug":"canil-da-guarda-municipal-recebe-homenagem-da-primeira-dama-de-cabreuva","status":"publish","type":"post","link":"https:\/\/tvtecjundiai.com.br\/news\/2023\/04\/19\/canil-da-guarda-municipal-recebe-homenagem-da-primeira-dama-de-cabreuva\/","title":{"rendered":"Canil da Guarda Municipal recebe homenagem da Primeira-dama de Cabre\u00fava"},"content":{"rendered":"\n<p>Na manh\u00e3 desta quarta-feira (19), a equipe do Canil da Guarda Municipal de Jundia\u00ed recebeu uma homenagem da primeira-dama de Cabre\u00fava, Val Mangini, pela ajuda concedida nas buscas ao jovem Matias Ronaldo da Concei\u00e7\u00e3o Ferreira, de 25 anos, desaparecido em janeiro.&nbsp;<\/p>\n\n\n\n<p>O corpo do jovem foi encontrado ap\u00f3s a \u2018Live\u2019, a cachorra farejadora da GM de Jundia\u00ed da ra\u00e7a Bloodhound sentir o cheiro das roupas do rapaz e fazer buscas em uma mata, indicando o local onde o rapaz estava enterrado.<\/p>\n\n\n\n<p>A homenagem foi seguida da entrega de certificado para os agentes que prestaram apoio na a\u00e7\u00e3o de localiza\u00e7\u00e3o e tamb\u00e9m, para a Live.\u00a0<\/p>\n\n\n<div class=\"wp-block-image\">\n<figure class=\"aligncenter size-large\"><img loading=\"lazy\" decoding=\"async\" width=\"1200\" height=\"801\" src=\"https:\/\/tvtecjundiai.com.br\/news\/wp-content\/uploads\/sites\/2\/2023\/04\/homenagem_sede-gm_m_-24-4-1280x854-1-1200x801.jpg\" alt=\"\" class=\"wp-image-108093\" srcset=\"https:\/\/tvtecjundiai.com.br\/news\/wp-content\/uploads\/sites\/2\/2023\/04\/homenagem_sede-gm_m_-24-4-1280x854-1-1200x801.jpg 1200w, https:\/\/tvtecjundiai.com.br\/news\/wp-content\/uploads\/sites\/2\/2023\/04\/homenagem_sede-gm_m_-24-4-1280x854-1-300x200.jpg 300w, https:\/\/tvtecjundiai.com.br\/news\/wp-content\/uploads\/sites\/2\/2023\/04\/homenagem_sede-gm_m_-24-4-1280x854-1-768x512.jpg 768w, https:\/\/tvtecjundiai.com.br\/news\/wp-content\/uploads\/sites\/2\/2023\/04\/homenagem_sede-gm_m_-24-4-1280x854-1.jpg 1280w\" sizes=\"auto, (max-width: 1200px) 100vw, 1200px\" \/><figcaption class=\"wp-element-caption\">Equipe do Canil da Guarda Municipal com os certificados recebidos<\/figcaption><\/figure>\n<\/div>\n\n\n<p><em><strong>(Fonte\/Imagem: Prefeitura de Jundia\u00ed)<\/strong><\/em><\/p>\n","protected":false},"excerpt":{"rendered":"<p>A equipe do Canil da Guarda Municipal de Jundia\u00ed recebeu uma homenagem da primeira-dama de Cabre\u00fava<\/p>\n","protected":false},"author":30,"featured_media":108093,"comment_status":"closed","ping_status":"0","sticky":false,"template":"","format":"standard","meta":{"footnotes":""},"categories":[8356,1,4739],"tags":[],"class_list":["post-108092","post","type-post","status-publish","format-standard","has-post-thumbnail","hentry","category-jundiai","category-noticias","category-policia"],"_links":{"self":[{"href":"https:\/\/tvtecjundiai.com.br\/news\/wp-json\/wp\/v2\/posts\/108092","targetHints":{"allow":["GET"]}}],"collection":[{"href":"https:\/\/tvtecjundiai.com.br\/news\/wp-json\/wp\/v2\/posts"}],"about":[{"href":"https:\/\/tvtecjundiai.com.br\/news\/wp-json\/wp\/v2\/types\/post"}],"author":[{"embeddable":true,"href":"https:\/\/tvtecjundiai.com.br\/news\/wp-json\/wp\/v2\/users\/30"}],"replies":[{"embeddable":true,"href":"https:\/\/tvtecjundiai.com.br\/news\/wp-json\/wp\/v2\/comments?post=108092"}],"version-history":[{"count":1,"href":"https:\/\/tvtecjundiai.com.br\/news\/wp-json\/wp\/v2\/posts\/108092\/revisions"}],"predecessor-version":[{"id":108094,"href":"https:\/\/tvtecjundiai.com.br\/news\/wp-json\/wp\/v2\/posts\/108092\/revisions\/108094"}],"wp:featuredmedia":[{"embeddable":true,"href":"https:\/\/tvtecjundiai.com.br\/news\/wp-json\/wp\/v2\/media\/108093"}],"wp:attachment":[{"href":"https:\/\/tvtecjundiai.com.br\/news\/wp-json\/wp\/v2\/media?parent=108092"}],"wp:term":[{"taxonomy":"category","embeddable":true,"href":"https:\/\/tvtecjundiai.com.br\/news\/wp-json\/wp\/v2\/categories?post=108092"},{"taxonomy":"post_tag","embeddable":true,"href":"https:\/\/tvtecjundiai.com.br\/news\/wp-json\/wp\/v2\/tags?post=108092"}],"curies":[{"name":"wp","href":"https:\/\/api.w.org\/{rel}","templated":true}]}}