{"id":108101,"date":"2023-04-20T09:38:28","date_gmt":"2023-04-20T12:38:28","guid":{"rendered":"https:\/\/tvtecjundiai.com.br\/news\/?p=108101"},"modified":"2023-04-20T09:38:29","modified_gmt":"2023-04-20T12:38:29","slug":"feriado-de-tiradentes-em-jundiai-tera-minima-de-10c","status":"publish","type":"post","link":"https:\/\/tvtecjundiai.com.br\/news\/2023\/04\/20\/feriado-de-tiradentes-em-jundiai-tera-minima-de-10c\/","title":{"rendered":"Feriado de Tiradentes em Jundia\u00ed ter\u00e1 m\u00ednima de 10\u00b0C"},"content":{"rendered":"\n<p>A semana em Jundia\u00ed come\u00e7ou com fortes chuvas e terminar\u00e1 com baixas temperaturas. Segundo o Climatempo, durante o feriado prolongado de Tiradentes os term\u00f4metros devem marcar entre 10\u00b0C e 26\u00b0C apenas, sendo esta sexta-feira (21) o dia mais frio da semana.<\/p>\n\n\n\n<p>Nesta quinta-feira (20), o dia \u00e9 de sol com aumento de nuvens na parte da tarde, sem chuva. Os term\u00f4metros ficam entre 14\u00b0C e 21\u00b0C.<\/p>\n\n\n<div class=\"wp-block-image\">\n<figure class=\"aligncenter size-full is-resized\"><img loading=\"lazy\" decoding=\"async\" src=\"https:\/\/tvtecjundiai.com.br\/news\/wp-content\/uploads\/sites\/2\/2023\/04\/sol-frio-outono-jundiai-previsao-do-tempo-1.jpeg\" alt=\"\" class=\"wp-image-108103\" width=\"584\" height=\"438\" srcset=\"https:\/\/tvtecjundiai.com.br\/news\/wp-content\/uploads\/sites\/2\/2023\/04\/sol-frio-outono-jundiai-previsao-do-tempo-1.jpeg 768w, https:\/\/tvtecjundiai.com.br\/news\/wp-content\/uploads\/sites\/2\/2023\/04\/sol-frio-outono-jundiai-previsao-do-tempo-1-300x225.jpeg 300w\" sizes=\"auto, (max-width: 584px) 100vw, 584px\" \/><\/figure>\n<\/div>\n\n\n<p><\/p>\n\n\n\n<p><strong>Previs\u00e3o para o feriado prolongado de Tiradentes<\/strong><\/p>\n\n\n\n<p><strong>Sexta-feira (21):<\/strong> No Dia de Tiradentes est\u00e1 prevista uma mudan\u00e7a brusca de temperatura, com os term\u00f4metros entre 10\u00b0C e 23\u00b0C. O dia deve ser de sol, sem pancadas de chuva.<\/p>\n\n\n\n<p><strong>S\u00e1bado (22):<\/strong> Dia de sol com algumas nuvens, sem previs\u00e3o de chuva. A temperatura deve ficar entre 12\u00b0C e 24\u00b0C. <\/p>\n\n\n\n<p><strong>Domingo (23):<\/strong> Dia de sol com algumas nuvens, sem previs\u00e3o de chuva. Os term\u00f4metros ficam entre 14\u00b0C e 26\u00b0C.<\/p>\n\n\n\n<p><em><strong>(Fonte\/Imagem: TVTEC Jundia\u00ed\/Juliano Justino)<\/strong><\/em><\/p>\n","protected":false},"excerpt":{"rendered":"<p>N\u00e3o est\u00e3o previstas pancadas de chuva para os pr\u00f3ximos dias<\/p>\n","protected":false},"author":30,"featured_media":108103,"comment_status":"closed","ping_status":"0","sticky":false,"template":"","format":"standard","meta":{"footnotes":""},"categories":[3185,8356,1],"tags":[],"class_list":["post-108101","post","type-post","status-publish","format-standard","has-post-thumbnail","hentry","category-clima","category-jundiai","category-noticias"],"_links":{"self":[{"href":"https:\/\/tvtecjundiai.com.br\/news\/wp-json\/wp\/v2\/posts\/108101","targetHints":{"allow":["GET"]}}],"collection":[{"href":"https:\/\/tvtecjundiai.com.br\/news\/wp-json\/wp\/v2\/posts"}],"about":[{"href":"https:\/\/tvtecjundiai.com.br\/news\/wp-json\/wp\/v2\/types\/post"}],"author":[{"embeddable":true,"href":"https:\/\/tvtecjundiai.com.br\/news\/wp-json\/wp\/v2\/users\/30"}],"replies":[{"embeddable":true,"href":"https:\/\/tvtecjundiai.com.br\/news\/wp-json\/wp\/v2\/comments?post=108101"}],"version-history":[{"count":1,"href":"https:\/\/tvtecjundiai.com.br\/news\/wp-json\/wp\/v2\/posts\/108101\/revisions"}],"predecessor-version":[{"id":108104,"href":"https:\/\/tvtecjundiai.com.br\/news\/wp-json\/wp\/v2\/posts\/108101\/revisions\/108104"}],"wp:featuredmedia":[{"embeddable":true,"href":"https:\/\/tvtecjundiai.com.br\/news\/wp-json\/wp\/v2\/media\/108103"}],"wp:attachment":[{"href":"https:\/\/tvtecjundiai.com.br\/news\/wp-json\/wp\/v2\/media?parent=108101"}],"wp:term":[{"taxonomy":"category","embeddable":true,"href":"https:\/\/tvtecjundiai.com.br\/news\/wp-json\/wp\/v2\/categories?post=108101"},{"taxonomy":"post_tag","embeddable":true,"href":"https:\/\/tvtecjundiai.com.br\/news\/wp-json\/wp\/v2\/tags?post=108101"}],"curies":[{"name":"wp","href":"https:\/\/api.w.org\/{rel}","templated":true}]}}