{"id":108107,"date":"2023-04-20T11:00:26","date_gmt":"2023-04-20T14:00:26","guid":{"rendered":"https:\/\/tvtecjundiai.com.br\/news\/?p=108107"},"modified":"2023-04-20T11:00:26","modified_gmt":"2023-04-20T14:00:26","slug":"goleiro-que-defendeu-penalti-de-pele-recebe-homenagem-na-prefeitura","status":"publish","type":"post","link":"https:\/\/tvtecjundiai.com.br\/news\/2023\/04\/20\/goleiro-que-defendeu-penalti-de-pele-recebe-homenagem-na-prefeitura\/","title":{"rendered":"Goleiro que defendeu p\u00eanalti de Pel\u00e9 recebe homenagem na Prefeitura"},"content":{"rendered":"\n<p>Na ter\u00e7a-feira (18), a Assessoria de Pol\u00edticas para Igualdade Racial, ligada \u00e0 Unidade de Gest\u00e3o da Casa Civil (UGCC) realizou uma cerim\u00f4nia de homenagem ao ex-goleiro e morador da Vila Nambi, Sebasti\u00e3o Luiz Louren\u00e7o, popularmente conhecido como \u201cSeu Louren\u00e7o\u201d, que defendeu um p\u00eanalti de Pel\u00e9. O arqueiro recebeu uma placa como reconhecimento do feito e pelo \u00edcone que se tornou para a comunidade jundiaiense.<\/p>\n\n\n\n<p>Seu Louren\u00e7o atuou como o goleiro profissional e jogou 11 campeonatos paulistas. A defesa do p\u00eanalti aconteceu em 1971, em plena Vila Belmiro, quando defendia o S\u00e3o Bento, de Sorocaba. Em toda sua carreira, Pel\u00e9 perdeu apenas tr\u00eas p\u00eanaltis. \u201cSou jundiaiense de cora\u00e7\u00e3o e quero agradec\u00ea-los pela homenagem. O esporte consegue unir as pessoas e \u00e9 disso que o mundo precisa atualmente. Obrigado a todos\u201d, relatou.<\/p>\n\n\n<div class=\"wp-block-image\">\n<figure class=\"aligncenter size-large is-resized\"><img loading=\"lazy\" decoding=\"async\" src=\"https:\/\/tvtecjundiai.com.br\/news\/wp-content\/uploads\/sites\/2\/2023\/04\/whatsapp-image-2023-04-19-at-11-47-52-1280x847-1-1200x794.jpeg\" alt=\"\" class=\"wp-image-108108\" width=\"800\" height=\"529\" srcset=\"https:\/\/tvtecjundiai.com.br\/news\/wp-content\/uploads\/sites\/2\/2023\/04\/whatsapp-image-2023-04-19-at-11-47-52-1280x847-1-1200x794.jpeg 1200w, https:\/\/tvtecjundiai.com.br\/news\/wp-content\/uploads\/sites\/2\/2023\/04\/whatsapp-image-2023-04-19-at-11-47-52-1280x847-1-300x199.jpeg 300w, https:\/\/tvtecjundiai.com.br\/news\/wp-content\/uploads\/sites\/2\/2023\/04\/whatsapp-image-2023-04-19-at-11-47-52-1280x847-1-768x508.jpeg 768w, https:\/\/tvtecjundiai.com.br\/news\/wp-content\/uploads\/sites\/2\/2023\/04\/whatsapp-image-2023-04-19-at-11-47-52-1280x847-1.jpeg 1280w\" sizes=\"auto, (max-width: 800px) 100vw, 800px\" \/><figcaption class=\"wp-element-caption\">Seu Louren\u00e7o recebeu a homenagem em cerim\u00f4nia realizada no audit\u00f3rio do Pa\u00e7o Municipal<\/figcaption><\/figure>\n<\/div>\n\n\n<p>\u201cA ideia da cerim\u00f4nia partiu da sociedade civil, por meio do Negritude Futebol Clube, e foi abra\u00e7ada pela Assessoria. \u00c9 muito importante reconhecer os nossos \u00edcones para que possamos entender a nossa hist\u00f3ria\u201d, disse o Assessor de Pol\u00edticas para Igualdade Racial, Jensen Silva.<\/p>\n\n\n\n<p>O Vice-Prefeito Gustavo Martinelli marcou presen\u00e7a no evento. \u201cMuito me orgulha participar deste momento, homenageando uma pessoa que tem uma marca em nosso mun\u00edcipio. Assim como o Pel\u00e9, eterno Rei do Futebol, merece homenagens, o Sr. Louren\u00e7o tamb\u00e9m. Ele enfrentou os desafios do esporte e segue contribuindo por Jundia\u00ed, elevando o nome da cidade. Tenho certeza que as futuras gera\u00e7\u00f5es conhecer\u00e3o a hist\u00f3ria do homem que pegou o p\u00eanalti do Pel\u00e9\u201d, afirmou o Vice-Prefeito.<\/p>\n\n\n\n<p>Tamb\u00e9m participaram da cerim\u00f4nia o Gestor de Esporte Lazer Luis Tarallo, o membro do Negritude Futebol Clube, professor Marquinhos, al\u00e9m de representantes da sociedade civil.<\/p>\n\n\n\n<p><em><strong>(Fonte\/Imagem: Prefeitura de Jundia\u00ed)<\/strong><\/em><\/p>\n","protected":false},"excerpt":{"rendered":"<p>Seu Louren\u00e7o recebeu a homenagem em cerim\u00f4nia realizada no audit\u00f3rio do Pa\u00e7o Municipal<\/p>\n","protected":false},"author":30,"featured_media":108108,"comment_status":"closed","ping_status":"0","sticky":false,"template":"","format":"standard","meta":{"footnotes":""},"categories":[8356,1],"tags":[],"class_list":["post-108107","post","type-post","status-publish","format-standard","has-post-thumbnail","hentry","category-jundiai","category-noticias"],"_links":{"self":[{"href":"https:\/\/tvtecjundiai.com.br\/news\/wp-json\/wp\/v2\/posts\/108107","targetHints":{"allow":["GET"]}}],"collection":[{"href":"https:\/\/tvtecjundiai.com.br\/news\/wp-json\/wp\/v2\/posts"}],"about":[{"href":"https:\/\/tvtecjundiai.com.br\/news\/wp-json\/wp\/v2\/types\/post"}],"author":[{"embeddable":true,"href":"https:\/\/tvtecjundiai.com.br\/news\/wp-json\/wp\/v2\/users\/30"}],"replies":[{"embeddable":true,"href":"https:\/\/tvtecjundiai.com.br\/news\/wp-json\/wp\/v2\/comments?post=108107"}],"version-history":[{"count":1,"href":"https:\/\/tvtecjundiai.com.br\/news\/wp-json\/wp\/v2\/posts\/108107\/revisions"}],"predecessor-version":[{"id":108109,"href":"https:\/\/tvtecjundiai.com.br\/news\/wp-json\/wp\/v2\/posts\/108107\/revisions\/108109"}],"wp:featuredmedia":[{"embeddable":true,"href":"https:\/\/tvtecjundiai.com.br\/news\/wp-json\/wp\/v2\/media\/108108"}],"wp:attachment":[{"href":"https:\/\/tvtecjundiai.com.br\/news\/wp-json\/wp\/v2\/media?parent=108107"}],"wp:term":[{"taxonomy":"category","embeddable":true,"href":"https:\/\/tvtecjundiai.com.br\/news\/wp-json\/wp\/v2\/categories?post=108107"},{"taxonomy":"post_tag","embeddable":true,"href":"https:\/\/tvtecjundiai.com.br\/news\/wp-json\/wp\/v2\/tags?post=108107"}],"curies":[{"name":"wp","href":"https:\/\/api.w.org\/{rel}","templated":true}]}}