{"id":108116,"date":"2023-04-20T14:00:18","date_gmt":"2023-04-20T17:00:18","guid":{"rendered":"https:\/\/tvtecjundiai.com.br\/news\/?p=108116"},"modified":"2023-04-20T14:00:19","modified_gmt":"2023-04-20T17:00:19","slug":"campanha-de-multivacinacao-no-jundiai-empreendedora-e-neste-sabado-22","status":"publish","type":"post","link":"https:\/\/tvtecjundiai.com.br\/news\/2023\/04\/20\/campanha-de-multivacinacao-no-jundiai-empreendedora-e-neste-sabado-22\/","title":{"rendered":"Campanha de multivacina\u00e7\u00e3o no Jundia\u00ed Empreendedora \u00e9 neste s\u00e1bado (22)"},"content":{"rendered":"\n<p>Jundia\u00ed prossegue neste s\u00e1bado (22) com a campanha de multivacina\u00e7\u00e3o no Espa\u00e7o Jundia\u00ed Empreendedora, localizado no Maxi Shopping (Piso G3). O atendimento ser\u00e1 das 11h \u00e0s 17h.<\/p>\n\n\n\n<p>Ser\u00e3o disponibilizadas as doses da vacina contra COVID-19 para pessoas com 12 anos ou mais, a Pfizer Baby (6 meses a 4 anos \u2013 D1, D2 e D3), a Pfizer Pedi\u00e1trica (5 a 11 anos \u2013 D1, D2 e refor\u00e7o), a dose bivalente da Pfizer para pessoas com 60 anos ou mais, imunossuprimidos a partir de 12 anos, profissionais da sa\u00fade, gestantes e mulheres que deram \u00e0 luz recentemente, al\u00e9m de ind\u00edgenas e pessoas com defici\u00eancia com 12 anos ou mais; as vacinas previstas no Calend\u00e1rio Nacional de Imuniza\u00e7\u00e3o do Minist\u00e9rio da Sa\u00fade para crian\u00e7as, adolescentes e adultos; e a imuniza\u00e7\u00e3o contra Influenza para o p\u00fablico habilitado.<\/p>\n\n\n<div class=\"wp-block-image\">\n<figure class=\"aligncenter size-large is-resized\"><img loading=\"lazy\" decoding=\"async\" src=\"https:\/\/tvtecjundiai.com.br\/news\/wp-content\/uploads\/sites\/2\/2023\/04\/vacinacao_gripe_cece_aramis_polli-31-1-1200x801.jpg\" alt=\"\" class=\"wp-image-108117\" width=\"606\" height=\"404\" srcset=\"https:\/\/tvtecjundiai.com.br\/news\/wp-content\/uploads\/sites\/2\/2023\/04\/vacinacao_gripe_cece_aramis_polli-31-1-1200x801.jpg 1200w, https:\/\/tvtecjundiai.com.br\/news\/wp-content\/uploads\/sites\/2\/2023\/04\/vacinacao_gripe_cece_aramis_polli-31-1-300x200.jpg 300w, https:\/\/tvtecjundiai.com.br\/news\/wp-content\/uploads\/sites\/2\/2023\/04\/vacinacao_gripe_cece_aramis_polli-31-1-768x512.jpg 768w, https:\/\/tvtecjundiai.com.br\/news\/wp-content\/uploads\/sites\/2\/2023\/04\/vacinacao_gripe_cece_aramis_polli-31-1.jpg 1280w\" sizes=\"auto, (max-width: 606px) 100vw, 606px\" \/><\/figure>\n<\/div>\n\n\n<p><\/p>\n\n\n\n<p>\u00c9 necess\u00e1rio apresentar um documento de identidade e a caderneta de vacina\u00e7\u00e3o. No caso da vacina contra COVID-19, quem n\u00e3o estiver com o comprovante pode informar no momento e ser\u00e1 emitido outro imediatamente. No caso da vacina contra gripe, juntamente com um documento pessoal de identifica\u00e7\u00e3o, \u00e9 necess\u00e1rio apresentar documento que comprove a condi\u00e7\u00e3o (registro profissional, receita m\u00e9dica, exame e prescri\u00e7\u00e3o m\u00e9dica com CID).<\/p>\n\n\n\n<p><strong>Gripe<\/strong><br>Al\u00e9m do p\u00fablico 60+, podem tomar a vacina contra gripe: crian\u00e7as de 6 meses a menores de 6 anos (5 anos, 11 meses e 29 dias), trabalhadores da sa\u00fade, gestantes, pu\u00e9rperas, professores do ensino b\u00e1sico a superior, povos ind\u00edgenas, profissionais das for\u00e7as de seguran\u00e7a e salvamento, profissionais das for\u00e7as armadas, pessoas com defici\u00eancia permanente, caminhoneiros, trabalhadores de transporte coletivo rodovi\u00e1rio para passageiros urbano e de longo curso, trabalhadores portu\u00e1rios, funcion\u00e1rios do sistema prisional e pessoas portadoras de doen\u00e7as cr\u00f4nicas n\u00e3o transmiss\u00edveis e outras condi\u00e7\u00f5es cl\u00ednicas especiais.<\/p>\n\n\n\n<p><strong><em>(Fonte\/Imagem: Prefeitura de Jundia\u00ed)<\/em><\/strong><\/p>\n","protected":false},"excerpt":{"rendered":"<p>Ser\u00e3o disponibilizadas doses contra a COVID-19, gripe e outras doen\u00e7as<\/p>\n","protected":false},"author":30,"featured_media":108117,"comment_status":"closed","ping_status":"0","sticky":false,"template":"","format":"standard","meta":{"footnotes":""},"categories":[8356,1,2839,8355],"tags":[],"class_list":["post-108116","post","type-post","status-publish","format-standard","has-post-thumbnail","hentry","category-jundiai","category-noticias","category-saude","category-saude-3"],"_links":{"self":[{"href":"https:\/\/tvtecjundiai.com.br\/news\/wp-json\/wp\/v2\/posts\/108116","targetHints":{"allow":["GET"]}}],"collection":[{"href":"https:\/\/tvtecjundiai.com.br\/news\/wp-json\/wp\/v2\/posts"}],"about":[{"href":"https:\/\/tvtecjundiai.com.br\/news\/wp-json\/wp\/v2\/types\/post"}],"author":[{"embeddable":true,"href":"https:\/\/tvtecjundiai.com.br\/news\/wp-json\/wp\/v2\/users\/30"}],"replies":[{"embeddable":true,"href":"https:\/\/tvtecjundiai.com.br\/news\/wp-json\/wp\/v2\/comments?post=108116"}],"version-history":[{"count":1,"href":"https:\/\/tvtecjundiai.com.br\/news\/wp-json\/wp\/v2\/posts\/108116\/revisions"}],"predecessor-version":[{"id":108118,"href":"https:\/\/tvtecjundiai.com.br\/news\/wp-json\/wp\/v2\/posts\/108116\/revisions\/108118"}],"wp:featuredmedia":[{"embeddable":true,"href":"https:\/\/tvtecjundiai.com.br\/news\/wp-json\/wp\/v2\/media\/108117"}],"wp:attachment":[{"href":"https:\/\/tvtecjundiai.com.br\/news\/wp-json\/wp\/v2\/media?parent=108116"}],"wp:term":[{"taxonomy":"category","embeddable":true,"href":"https:\/\/tvtecjundiai.com.br\/news\/wp-json\/wp\/v2\/categories?post=108116"},{"taxonomy":"post_tag","embeddable":true,"href":"https:\/\/tvtecjundiai.com.br\/news\/wp-json\/wp\/v2\/tags?post=108116"}],"curies":[{"name":"wp","href":"https:\/\/api.w.org\/{rel}","templated":true}]}}