{"id":108244,"date":"2023-04-24T09:16:24","date_gmt":"2023-04-24T12:16:24","guid":{"rendered":"https:\/\/tvtecjundiai.com.br\/news\/?p=108244"},"modified":"2023-04-24T09:16:30","modified_gmt":"2023-04-24T12:16:30","slug":"programa-exporta-jundiai-realiza-webinar-sobre-marketplaces-internacionais","status":"publish","type":"post","link":"https:\/\/tvtecjundiai.com.br\/news\/2023\/04\/24\/programa-exporta-jundiai-realiza-webinar-sobre-marketplaces-internacionais\/","title":{"rendered":"Programa Exporta + Jundia\u00ed realiza webinar sobre marketplaces internacionais"},"content":{"rendered":"\n<p>A Prefeitura de Jundia\u00ed, por meio da Unidade de Gest\u00e3o de Desenvolvimento Econ\u00f4mico, Ci\u00eancia e Tecnologia (UGDECT), e o Instituto Jovem Exportador (IJEx) realizam na pr\u00f3xima quarta-feira (26), das 9h \u00e0s 11h30, o webinar sobre vendas em marketplaces internacionais. O evento \u00e9 totalmente gratuito e on-line, com parceria da empresa Regnum e o grupo IEST, Alibaba.com e Amazon SPN.<\/p>\n\n\n\n<p>Voltado para empres\u00e1rios, empreendedores, professores e estudantes de cursos ligados \u00e0 Administra\u00e7\u00e3o e Rela\u00e7\u00f5es Internacionais, o webinar faz parte das a\u00e7\u00f5es do programa Exporta + Jundia\u00ed, que faz parte do Jundia\u00ed Empreendedora.<\/p>\n\n\n\n<figure class=\"wp-block-image size-large\"><img loading=\"lazy\" decoding=\"async\" width=\"1200\" height=\"801\" src=\"https:\/\/tvtecjundiai.com.br\/news\/wp-content\/uploads\/sites\/2\/2023\/04\/foto_jovemexportador-2-1280x854-1-1200x801.jpg\" alt=\"\" class=\"wp-image-108245\" srcset=\"https:\/\/tvtecjundiai.com.br\/news\/wp-content\/uploads\/sites\/2\/2023\/04\/foto_jovemexportador-2-1280x854-1-1200x801.jpg 1200w, https:\/\/tvtecjundiai.com.br\/news\/wp-content\/uploads\/sites\/2\/2023\/04\/foto_jovemexportador-2-1280x854-1-300x200.jpg 300w, https:\/\/tvtecjundiai.com.br\/news\/wp-content\/uploads\/sites\/2\/2023\/04\/foto_jovemexportador-2-1280x854-1-768x512.jpg 768w, https:\/\/tvtecjundiai.com.br\/news\/wp-content\/uploads\/sites\/2\/2023\/04\/foto_jovemexportador-2-1280x854-1.jpg 1280w\" sizes=\"auto, (max-width: 1200px) 100vw, 1200px\" \/><\/figure>\n\n\n\n<p><\/p>\n\n\n\n<p>A iniciativa busca mostrar a import\u00e2ncia e as oportunidades que podem ser geradas a partir do marketplace internacional, inclusive com expans\u00e3o dos neg\u00f3cios e fortalecimento das empresas exportadoras de Jundia\u00ed e regi\u00e3o por meio desta presen\u00e7a global.<\/p>\n\n\n\n<p>Respons\u00e1vel pelo programa Exporta + Jundia\u00ed, o gestor da Unidade de Gest\u00e3o de Desenvolvimento Econ\u00f4mico, Ci\u00eancia e Tecnologia, Cristiano Lopes, explicou que v\u00e1rias a\u00e7\u00f5es foram feitas para fomentar as exporta\u00e7\u00f5es e a internacionaliza\u00e7\u00e3o do munic\u00edpio. A \u00faltima delas, inclusive, foi a cria\u00e7\u00e3o do Balc\u00e3o Exporta + Jundia\u00ed no Espa\u00e7o Jundia\u00ed Empreendedora, no Maxi Shopping, em mar\u00e7o do ano passado. \u201cJundia\u00ed se diferencia com esse ambiente acolhedor para investimentos. Nos \u00faltimos anos, a Prefeitura assumiu uma postura proativa frente \u00e0s demandas do setor produtivo, com foco em ampliar a oferta de oportunidades para as pessoas e fortalecer a economia local. \u00c9 o que estamos fazendo e tem dado resultado. Vamos avan\u00e7ar ainda mais\u201d, destacou.<\/p>\n\n\n\n<p><strong>Palestrantes<\/strong><\/p>\n\n\n\n<p>As palestras ficar\u00e3o a cargo de Marina Miranda, diretora institucional do IEST e Co-founder da Rethink Business, e do Mentor IJEx, Victor Boueri, fundador da Regnum Venture.<\/p>\n\n\n\n<p>O certificado \u00e9 gratuito e a organiza\u00e7\u00e3o do evento pode ser contatada por meio do e-mail atendimento@jovemexportador.org.br ou pelo telefone da Prefeitura de Jundia\u00ed (11) 4589-8901, com a assessora de Coopera\u00e7\u00e3o Internacional L\u00edgia Contursi.<\/p>\n\n\n\n<p><strong>Servi\u00e7o<br><\/strong>Webinar \u2013 Vendas em Marketplaces Internacionais<br><strong>Data:<\/strong>\u00a0Quarta-feira, dia 26 de abril<br><strong>Evento:<\/strong>\u00a0On-line<br>Certificado Gratuito<br><strong>Hor\u00e1rio:<\/strong>\u00a0das 9h \u00e0s 11h30<br>Inscri\u00e7\u00f5es:\u00a0<a rel=\"noreferrer noopener\" href=\"https:\/\/www.jovemexportador.org.br\/informa-es-do-evento-e-registro\/webinar-vendas-em-marketplaces-internacionais\" target=\"_blank\">https:\/\/www.jovemexportador.org.br\/informa-es-do-evento-e-registro\/webinar-vendas-em-marketplaces-internacionais<\/a><\/p>\n\n\n\n<p><strong><em>(Fonte: Prefeitura de Jundia\u00ed\/Imagem: Divulga\u00e7\u00e3o\/Jovem Exportador)<\/em><\/strong><\/p>\n","protected":false},"excerpt":{"rendered":"<p>O evento totalmente gratuito e on-line ser\u00e1 na quarta-feira (26)<\/p>\n","protected":false},"author":30,"featured_media":108245,"comment_status":"closed","ping_status":"0","sticky":false,"template":"","format":"standard","meta":{"footnotes":""},"categories":[8356,1,2835],"tags":[],"class_list":["post-108244","post","type-post","status-publish","format-standard","has-post-thumbnail","hentry","category-jundiai","category-noticias","category-tecnologia"],"_links":{"self":[{"href":"https:\/\/tvtecjundiai.com.br\/news\/wp-json\/wp\/v2\/posts\/108244","targetHints":{"allow":["GET"]}}],"collection":[{"href":"https:\/\/tvtecjundiai.com.br\/news\/wp-json\/wp\/v2\/posts"}],"about":[{"href":"https:\/\/tvtecjundiai.com.br\/news\/wp-json\/wp\/v2\/types\/post"}],"author":[{"embeddable":true,"href":"https:\/\/tvtecjundiai.com.br\/news\/wp-json\/wp\/v2\/users\/30"}],"replies":[{"embeddable":true,"href":"https:\/\/tvtecjundiai.com.br\/news\/wp-json\/wp\/v2\/comments?post=108244"}],"version-history":[{"count":1,"href":"https:\/\/tvtecjundiai.com.br\/news\/wp-json\/wp\/v2\/posts\/108244\/revisions"}],"predecessor-version":[{"id":108246,"href":"https:\/\/tvtecjundiai.com.br\/news\/wp-json\/wp\/v2\/posts\/108244\/revisions\/108246"}],"wp:featuredmedia":[{"embeddable":true,"href":"https:\/\/tvtecjundiai.com.br\/news\/wp-json\/wp\/v2\/media\/108245"}],"wp:attachment":[{"href":"https:\/\/tvtecjundiai.com.br\/news\/wp-json\/wp\/v2\/media?parent=108244"}],"wp:term":[{"taxonomy":"category","embeddable":true,"href":"https:\/\/tvtecjundiai.com.br\/news\/wp-json\/wp\/v2\/categories?post=108244"},{"taxonomy":"post_tag","embeddable":true,"href":"https:\/\/tvtecjundiai.com.br\/news\/wp-json\/wp\/v2\/tags?post=108244"}],"curies":[{"name":"wp","href":"https:\/\/api.w.org\/{rel}","templated":true}]}}