{"id":108251,"date":"2023-04-24T17:37:57","date_gmt":"2023-04-24T20:37:57","guid":{"rendered":"https:\/\/tvtecjundiai.com.br\/news\/?p=108251"},"modified":"2023-05-19T10:46:14","modified_gmt":"2023-05-19T13:46:14","slug":"prefeitura-de-jundiai-e-tvtec-levam-galpao-criativo-ao-paco-municipal","status":"publish","type":"post","link":"https:\/\/tvtecjundiai.com.br\/news\/2023\/04\/24\/prefeitura-de-jundiai-e-tvtec-levam-galpao-criativo-ao-paco-municipal\/","title":{"rendered":"Prefeitura de Jundia\u00ed e TVTEC levam Galp\u00e3o Criativo ao Pa\u00e7o Municipal"},"content":{"rendered":"\n<div class=\"wp-block-group is-vertical is-layout-flex wp-container-core-group-is-layout-8cf370e7 wp-block-group-is-layout-flex\">\n<p>Nos dias 25, 26 e 27 de abril, a Prefeitura de Jundia\u00ed e a Funda\u00e7\u00e3o Escola TVTEC (FTVTEC) promovem &#8216;Galp\u00e3o no Pa\u00e7o&#8217; reunindo criativos que fazem parte da comunidade Galp\u00e3o Criativo. Durante os dias do evento, 60 pessoas mostram aos servidores municipais e mun\u00edcipes que frequentam o Pa\u00e7o, como a economia criativa tem ajudado a gerar renda por meio do \u2018fazer com as m\u00e3os\u2019.<\/p>\n\n\n\n<p>Al\u00e9m de produtos diversos, como patchwork, croch\u00ea, colares, costura criativa, velas e linha esot\u00e9rica, os visitantes participam de oficinas programadas pelas pr\u00f3prias criativas. Trata-se de mais uma a\u00e7\u00e3o da incubadora de talentos que desde janeiro tem ofertado diferentes a\u00e7\u00f5es voltadas para a qualifica\u00e7\u00e3o dos profissionais que desejam empreender. <\/p>\n\n\n\n<p>O prefeito Luiz Fernando Machado est\u00e1 satisfeito em receber o grupo na sede da administra\u00e7\u00e3o municipal.  &#8220;O projeto Galp\u00e3o Criativo reflete a disposi\u00e7\u00e3o do governo no sentido de investir em a\u00e7\u00f5es focadas na inova\u00e7\u00e3o, no emprego e na oportunidade para as pessoas. O objetivo \u00e9 proporcionar que mais espa\u00e7os p\u00fablicos respirem a criatividade e fortale\u00e7am os potenciais do segmento\u201d, comenta. <\/p>\n\n\n\n<p>A superintendente da (FTVTEC), M\u00f4nica Gropelo, lembrou da import\u00e2ncia da qualifica\u00e7\u00e3o diante as a\u00e7\u00f5es voltadas \u00e0 comunidade criativa. A pr\u00e9-incubadora de talentos faz parte de uma s\u00e9rie de atividades programadas para apoiar os talentos que desejam empreender. &#8220;Colocar o Galp\u00e3o Criativo no Pa\u00e7o \u00e9 um desafio de toda equipe da TVTEC. Desafio proposto pela administra\u00e7\u00e3o e quem estamos empenhados a colocar em pr\u00e1tica. Depois desta a\u00e7\u00e3o, os criativos que desejam estar no Galp\u00e3o entender\u00e3o que \u00e9 preciso se qualificarem para mostra o melhor de cada trabalho&#8221;, diz M\u00f4nica Gropelo.<\/p>\n<\/div>\n\n\n<div class=\"wp-block-image\">\n<figure class=\"aligncenter size-large\"><img loading=\"lazy\" decoding=\"async\" width=\"960\" height=\"960\" src=\"https:\/\/tvtecjundiai.com.br\/news\/wp-content\/uploads\/sites\/2\/2023\/04\/galpao_paco3-960x960.jpeg\" alt=\"\" class=\"wp-image-108260\" srcset=\"https:\/\/tvtecjundiai.com.br\/news\/wp-content\/uploads\/sites\/2\/2023\/04\/galpao_paco3-960x960.jpeg 960w, https:\/\/tvtecjundiai.com.br\/news\/wp-content\/uploads\/sites\/2\/2023\/04\/galpao_paco3-300x300.jpeg 300w, https:\/\/tvtecjundiai.com.br\/news\/wp-content\/uploads\/sites\/2\/2023\/04\/galpao_paco3-100x100.jpeg 100w, https:\/\/tvtecjundiai.com.br\/news\/wp-content\/uploads\/sites\/2\/2023\/04\/galpao_paco3-768x768.jpeg 768w, https:\/\/tvtecjundiai.com.br\/news\/wp-content\/uploads\/sites\/2\/2023\/04\/galpao_paco3.jpeg 1280w\" sizes=\"auto, (max-width: 960px) 100vw, 960px\" \/><figcaption class=\"wp-element-caption\">Os criativos ficar\u00e3o no Pa\u00e7o Municipal das 8h \u00e0s 17h, com diferentes produtos e servi\u00e7os  <\/figcaption><\/figure>\n<\/div>\n\n\n<p><strong>Criativos em a\u00e7\u00e3o<\/strong><\/p>\n\n\n\n<p>Artes\u00e3 de tapetes personalizados e amigurumi, Emilene Aparecida Garcia Costa, se sente realizada em poder participar do Galp\u00e3o Criativo no Pa\u00e7o Municipal. \u201c\u00c9 muito importante para mim estar presente nesta Mostra e saber que algu\u00e9m acreditou no meu trabalho. Me sinto motivada e privilegiada, nunca tive tanta disposi\u00e7\u00e3o em criar como agora\u201d.<\/p>\n\n\n\n<p>Com as capacita\u00e7\u00f5es oferecidas pela Funda\u00e7\u00e3o Escola TVTEC Jundia\u00ed (FTVTEC), os criativos t\u00eam a oportunidade de aprender sobre as melhores pr\u00e1ticas de marketing, publicidade, vendas e sobre como usar as ferramentas digitais para melhorar seu desempenho. \u201cCom as aulas percebi que n\u00e3o estou sozinha, percebi que n\u00e3o preciso ter vergonha de pedir ajuda e aprender. Hoje, por exemplo, n\u00e3o vejo mais o Instagram como um bicho de sete cabe\u00e7as. Al\u00e9m disso, acompanho as dicas postadas na p\u00e1gina do Galp\u00e3o, o que tem me ajudado muito. Aprendi que devo aprender para empreender\u201d, relata a artes\u00e3.<\/p>\n\n\n<div class=\"wp-block-image\">\n<figure class=\"aligncenter size-large\"><img loading=\"lazy\" decoding=\"async\" width=\"1200\" height=\"900\" src=\"https:\/\/tvtecjundiai.com.br\/news\/wp-content\/uploads\/sites\/2\/2023\/04\/galpao_emilene-1200x900.jpeg\" alt=\"\" class=\"wp-image-108280\" srcset=\"https:\/\/tvtecjundiai.com.br\/news\/wp-content\/uploads\/sites\/2\/2023\/04\/galpao_emilene-1200x900.jpeg 1200w, https:\/\/tvtecjundiai.com.br\/news\/wp-content\/uploads\/sites\/2\/2023\/04\/galpao_emilene-300x225.jpeg 300w, https:\/\/tvtecjundiai.com.br\/news\/wp-content\/uploads\/sites\/2\/2023\/04\/galpao_emilene-768x576.jpeg 768w, https:\/\/tvtecjundiai.com.br\/news\/wp-content\/uploads\/sites\/2\/2023\/04\/galpao_emilene.jpeg 1280w\" sizes=\"auto, (max-width: 1200px) 100vw, 1200px\" \/><figcaption class=\"wp-element-caption\">Emilene Aparecida Garcia Costa se sente realizada em poder participar do Galp\u00e3o Criativo<\/figcaption><\/figure>\n<\/div>\n\n\n<p><strong>Servi\u00e7o<\/strong><\/p>\n\n\n\n<p><strong>Dias: <\/strong>25, 26 e 27 de abril<br><strong>Endere\u00e7o: <\/strong>Pa\u00e7o Municipal &#8211; avenida da Liberdade, s\/n, Jardim Bot\u00e2nico<br><strong>Hor\u00e1rio:<\/strong> Das 8h \u00e0s 17h<br>Estacionamento gratuito<\/p>\n\n\n\n<p><em><strong>(Fonte: TVTEC Jundia\u00ed\/Imagens: Divulga\u00e7\u00e3o)<\/strong><\/em><\/p>\n","protected":false},"excerpt":{"rendered":"<p>Trata-se de mais uma a\u00e7\u00e3o da incubadora de talentos criativos<\/p>\n","protected":false},"author":30,"featured_media":108258,"comment_status":"closed","ping_status":"0","sticky":false,"template":"","format":"standard","meta":{"footnotes":""},"categories":[2834,29,8408,1],"tags":[],"class_list":["post-108251","post","type-post","status-publish","format-standard","has-post-thumbnail","hentry","category-cidades","category-destaque","category-galpao-criativo","category-noticias"],"_links":{"self":[{"href":"https:\/\/tvtecjundiai.com.br\/news\/wp-json\/wp\/v2\/posts\/108251","targetHints":{"allow":["GET"]}}],"collection":[{"href":"https:\/\/tvtecjundiai.com.br\/news\/wp-json\/wp\/v2\/posts"}],"about":[{"href":"https:\/\/tvtecjundiai.com.br\/news\/wp-json\/wp\/v2\/types\/post"}],"author":[{"embeddable":true,"href":"https:\/\/tvtecjundiai.com.br\/news\/wp-json\/wp\/v2\/users\/30"}],"replies":[{"embeddable":true,"href":"https:\/\/tvtecjundiai.com.br\/news\/wp-json\/wp\/v2\/comments?post=108251"}],"version-history":[{"count":13,"href":"https:\/\/tvtecjundiai.com.br\/news\/wp-json\/wp\/v2\/posts\/108251\/revisions"}],"predecessor-version":[{"id":108321,"href":"https:\/\/tvtecjundiai.com.br\/news\/wp-json\/wp\/v2\/posts\/108251\/revisions\/108321"}],"wp:featuredmedia":[{"embeddable":true,"href":"https:\/\/tvtecjundiai.com.br\/news\/wp-json\/wp\/v2\/media\/108258"}],"wp:attachment":[{"href":"https:\/\/tvtecjundiai.com.br\/news\/wp-json\/wp\/v2\/media?parent=108251"}],"wp:term":[{"taxonomy":"category","embeddable":true,"href":"https:\/\/tvtecjundiai.com.br\/news\/wp-json\/wp\/v2\/categories?post=108251"},{"taxonomy":"post_tag","embeddable":true,"href":"https:\/\/tvtecjundiai.com.br\/news\/wp-json\/wp\/v2\/tags?post=108251"}],"curies":[{"name":"wp","href":"https:\/\/api.w.org\/{rel}","templated":true}]}}