{"id":108255,"date":"2023-04-24T11:10:04","date_gmt":"2023-04-24T14:10:04","guid":{"rendered":"https:\/\/tvtecjundiai.com.br\/news\/?p=108255"},"modified":"2023-04-24T11:10:05","modified_gmt":"2023-04-24T14:10:05","slug":"periodo-de-inscricoes-para-novos-conselheiros-tutelares-termina-na-sexta-feira-28","status":"publish","type":"post","link":"https:\/\/tvtecjundiai.com.br\/news\/2023\/04\/24\/periodo-de-inscricoes-para-novos-conselheiros-tutelares-termina-na-sexta-feira-28\/","title":{"rendered":"Per\u00edodo de inscri\u00e7\u00f5es para novos conselheiros tutelares termina na sexta-feira (28)"},"content":{"rendered":"\n<p>A Unidade de Assist\u00eancia e Desenvolvimento Social (UGADS), por meio do Conselho Municipal dos Direitos da Crian\u00e7a e do Adolescente (CMDCA), est\u00e1 com inscri\u00e7\u00f5es abertas para a elei\u00e7\u00e3o dos novos conselheiros tutelares at\u00e9 a pr\u00f3xima sexta-feira (28). O pleito ser\u00e1 no dia 1\u00ba de outubro de 2023 e ser\u00e1 aberto a todos os moradores com inscri\u00e7\u00e3o eleitoral em Jundia\u00ed.<\/p>\n\n\n\n<p>Nesta ter\u00e7a-feira (25), \u00e0s 15h, representantes da Prefeitura, CMDCA e do Conselho Municipal de Juventude de Jundia\u00ed (Comjuve) far\u00e3o uma live, pelo Instagram <a href=\"https:\/\/www.instagram.com\/comjuvejundiai\/\" data-type=\"URL\" data-id=\"https:\/\/www.instagram.com\/comjuvejundiai\/\">@comjuvejundiai<\/a> para explicar o processo de escolha dos membros do conselho tutelar da cidade.<\/p>\n\n\n<div class=\"wp-block-image\">\n<figure class=\"aligncenter size-large is-resized\"><img loading=\"lazy\" decoding=\"async\" src=\"https:\/\/tvtecjundiai.com.br\/news\/wp-content\/uploads\/sites\/2\/2023\/04\/prova-escrita-conselheiros-tutelares_c_-3-1-1200x800.jpg\" alt=\"\" class=\"wp-image-107763\" width=\"717\" height=\"478\" srcset=\"https:\/\/tvtecjundiai.com.br\/news\/wp-content\/uploads\/sites\/2\/2023\/04\/prova-escrita-conselheiros-tutelares_c_-3-1-1200x800.jpg 1200w, https:\/\/tvtecjundiai.com.br\/news\/wp-content\/uploads\/sites\/2\/2023\/04\/prova-escrita-conselheiros-tutelares_c_-3-1-300x200.jpg 300w, https:\/\/tvtecjundiai.com.br\/news\/wp-content\/uploads\/sites\/2\/2023\/04\/prova-escrita-conselheiros-tutelares_c_-3-1-768x512.jpg 768w, https:\/\/tvtecjundiai.com.br\/news\/wp-content\/uploads\/sites\/2\/2023\/04\/prova-escrita-conselheiros-tutelares_c_-3-1.jpg 1240w\" sizes=\"auto, (max-width: 717px) 100vw, 717px\" \/><\/figure>\n<\/div>\n\n\n<p><\/p>\n\n\n\n<p>As inscri\u00e7\u00f5es devem ser feitas at\u00e9 o dia 28 de abril, de segunda-feira \u00e0 sexta-feira, das 9h \u00e0s 16h, mediante a entrega de todos os documentos presentes no\u00a0<a rel=\"noreferrer noopener\" href=\"https:\/\/cmdca.jundiai.sp.gov.br\/2023\/03\/processo-de-escolha-dos-membros-do-conselho-tutelar-de-jundiai-gestao-2024-2028\/\" target=\"_blank\">edital<\/a> na sede da Unidade Gest\u00e3o de Assist\u00eancia e Desenvolvimento Social, na avenida Ant\u00f4nio Segre, 81, Bairro Ponte de Campinas.<\/p>\n\n\n\n<p>Tomar\u00e3o posse 15 membros titulares e 15 suplentes para compor os tr\u00eas Conselhos Tutelares do munic\u00edpio. A nova gest\u00e3o far\u00e1 a composi\u00e7\u00e3o de 2024 a 2028.<\/p>\n\n\n\n<p><strong><em>(Fonte\/Imagem: Prefeitura de Jundia\u00ed)<\/em><\/strong><\/p>\n","protected":false},"excerpt":{"rendered":"<p>O pleito \u00e9 aberto a todos os moradores com inscri\u00e7\u00e3o eleitoral em Jundia\u00ed<\/p>\n","protected":false},"author":30,"featured_media":107763,"comment_status":"closed","ping_status":"0","sticky":false,"template":"","format":"standard","meta":{"footnotes":""},"categories":[8392,8356,1],"tags":[],"class_list":["post-108255","post","type-post","status-publish","format-standard","has-post-thumbnail","hentry","category-assistencia-social","category-jundiai","category-noticias"],"_links":{"self":[{"href":"https:\/\/tvtecjundiai.com.br\/news\/wp-json\/wp\/v2\/posts\/108255","targetHints":{"allow":["GET"]}}],"collection":[{"href":"https:\/\/tvtecjundiai.com.br\/news\/wp-json\/wp\/v2\/posts"}],"about":[{"href":"https:\/\/tvtecjundiai.com.br\/news\/wp-json\/wp\/v2\/types\/post"}],"author":[{"embeddable":true,"href":"https:\/\/tvtecjundiai.com.br\/news\/wp-json\/wp\/v2\/users\/30"}],"replies":[{"embeddable":true,"href":"https:\/\/tvtecjundiai.com.br\/news\/wp-json\/wp\/v2\/comments?post=108255"}],"version-history":[{"count":1,"href":"https:\/\/tvtecjundiai.com.br\/news\/wp-json\/wp\/v2\/posts\/108255\/revisions"}],"predecessor-version":[{"id":108256,"href":"https:\/\/tvtecjundiai.com.br\/news\/wp-json\/wp\/v2\/posts\/108255\/revisions\/108256"}],"wp:featuredmedia":[{"embeddable":true,"href":"https:\/\/tvtecjundiai.com.br\/news\/wp-json\/wp\/v2\/media\/107763"}],"wp:attachment":[{"href":"https:\/\/tvtecjundiai.com.br\/news\/wp-json\/wp\/v2\/media?parent=108255"}],"wp:term":[{"taxonomy":"category","embeddable":true,"href":"https:\/\/tvtecjundiai.com.br\/news\/wp-json\/wp\/v2\/categories?post=108255"},{"taxonomy":"post_tag","embeddable":true,"href":"https:\/\/tvtecjundiai.com.br\/news\/wp-json\/wp\/v2\/tags?post=108255"}],"curies":[{"name":"wp","href":"https:\/\/api.w.org\/{rel}","templated":true}]}}